{"id":3553,"date":"2026-05-20T19:55:22","date_gmt":"2026-05-20T17:55:22","guid":{"rendered":"https:\/\/blog.michaelliebert.com\/?p=3553"},"modified":"2026-05-26T16:38:04","modified_gmt":"2026-05-26T14:38:04","slug":"was-zeigt-mein-selbstportrait-als-werbefotograf-und-warum-wurde-es-von-luerzers-archive-ausgezeichnet","status":"publish","type":"post","link":"https:\/\/blog.michaelliebert.com\/?p=3553","title":{"rendered":"\u201eWas zeigt mein Selbstportrait und warum wurde es von L\u00fcrzer\u2019s Archive ausgezeichnet?\u201c"},"content":{"rendered":"\n\n\n<p class=\"p1\">Dieses Selbstportrait zeigt mich als Werbe- und Portraitfotograf \u2013 inszeniert zwischen \u00c4sthetik, Selbstbild und einem bewussten Spiel mit Klischees.<\/p>\n\n\n\n<!--more-->\n\n\n\n<p class=\"p1\">Zu sehen ist ein Fotograf mit Kappe, akribisch gestyltem Bart und Kamera. Ob diese tats\u00e4chlich im Einsatz ist oder nur Teil der Inszenierung, bleibt offen. Die gelbe Vintage-Trainingsjacke, die B\u00fccherwand im Hintergrund und die bewusst komponierte Farbwelt greifen typische visuelle Codes auf, die Kreativit\u00e4t, kulturelles Interesse und fotografische Identit\u00e4t vermitteln sollen.<\/p>\n\n\n\n<p class=\"p1\">Genau darin liegt der Kern dieses Bildes: Es geht nicht um ein \u201eechtes\u201c Selbstportrait im dokumentarischen Sinn, sondern um eine konzeptionelle Auseinandersetzung mit der Frage, wie sich Fotograf:innen selbst darstellen.<\/p>\n\n\n\n<p class=\"p1\">Die Szene wirkt spontan, ist aber pr\u00e4zise gestaltet. Lichtsetzung, Farbpalette, Styling und Bildaufbau folgen einem klaren Konzept. Das scheinbar beil\u00e4ufige Halten der Kamera ist Teil einer Inszenierung, die Authentizit\u00e4t bewusst hinterfragt und gleichzeitig erzeugt.<\/p>\n\n\n\n<p class=\"p1\">Dieses Spannungsfeld zwischen Inszenierung und Glaubw\u00fcrdigkeit ist zentral f\u00fcr meine Arbeit \u2013 sowohl in der Werbefotografie als auch in konzeptionellen Portraits.<\/p>\n\n\n<div class=\"wp-block-image\">\n<figure class=\"aligncenter size-large\"><img data-attachment-id=\"3551\" data-permalink=\"https:\/\/blog.michaelliebert.com\/?attachment_id=3551\" data-orig-file=\"https:\/\/blog.michaelliebert.com\/wp-content\/uploads\/2026\/05\/12cmichael-liebert-scaled.jpg\" data-orig-size=\"1440,2560\" data-comments-opened=\"1\" data-image-meta=\"{&quot;aperture&quot;:&quot;0&quot;,&quot;credit&quot;:&quot;Michael Liebert&quot;,&quot;camera&quot;:&quot;&quot;,&quot;caption&quot;:&quot;Abdruck unter Angabe des Fotocredits. Die Verwendung f\\u00fcr Verkaufswaren laut Vereinbarung. Die Werbung f\\u00fcr Dritte ist honorarpflichtig und bedarf der vorherigen ausdr\\u00fccklichen Zustimmung von Michael Liebert. Beachten Sie bitte die Allgemeinen Gesch\\u00e4ftsbedingungen, die Sie mit dem Download und Kauf des Bildmaterials akzeptieren.&quot;,&quot;created_timestamp&quot;:&quot;1549039161&quot;,&quot;copyright&quot;:&quot;Michael Liebert&quot;,&quot;focal_length&quot;:&quot;0&quot;,&quot;iso&quot;:&quot;0&quot;,&quot;shutter_speed&quot;:&quot;0&quot;,&quot;title&quot;:&quot;&quot;,&quot;orientation&quot;:&quot;1&quot;}\" data-image-title=\"12(c)michael liebert\" data-image-description=\"\" data-image-caption=\"&lt;p&gt;Abdruck unter Angabe des Fotocredits. Die Verwendung f\u00fcr Verkaufswaren laut Vereinbarung. Die Werbung f\u00fcr Dritte ist honorarpflichtig und bedarf der vorherigen ausdr\u00fccklichen Zustimmung von Michael Liebert. Beachten Sie bitte die Allgemeinen Gesch\u00e4ftsbedingungen, die Sie mit dem Download und Kauf des Bildmaterials akzeptieren.&lt;\/p&gt;\n\" data-medium-file=\"https:\/\/blog.michaelliebert.com\/wp-content\/uploads\/2026\/05\/12cmichael-liebert-169x300.jpg\" data-large-file=\"https:\/\/blog.michaelliebert.com\/wp-content\/uploads\/2026\/05\/12cmichael-liebert-576x1024.jpg\" loading=\"lazy\" width=\"576\" height=\"1024\" src=\"https:\/\/blog.michaelliebert.com\/wp-content\/uploads\/2026\/05\/12cmichael-liebert-576x1024.jpg\" alt=\"\" class=\"wp-image-3551\" srcset=\"https:\/\/blog.michaelliebert.com\/wp-content\/uploads\/2026\/05\/12cmichael-liebert-576x1024.jpg 576w, https:\/\/blog.michaelliebert.com\/wp-content\/uploads\/2026\/05\/12cmichael-liebert-169x300.jpg 169w, https:\/\/blog.michaelliebert.com\/wp-content\/uploads\/2026\/05\/12cmichael-liebert-768x1365.jpg 768w, https:\/\/blog.michaelliebert.com\/wp-content\/uploads\/2026\/05\/12cmichael-liebert-864x1536.jpg 864w, https:\/\/blog.michaelliebert.com\/wp-content\/uploads\/2026\/05\/12cmichael-liebert-1152x2048.jpg 1152w, https:\/\/blog.michaelliebert.com\/wp-content\/uploads\/2026\/05\/12cmichael-liebert-624x1109.jpg 624w, https:\/\/blog.michaelliebert.com\/wp-content\/uploads\/2026\/05\/12cmichael-liebert-scaled.jpg 1440w\" sizes=\"(max-width: 576px) 100vw, 576px\" \/><\/figure><\/div>\n\n\n<p class=\"p1\">Das Selbstportrait wurde von L\u00fcrzer\u2019s Archive in die Auswahl \u201e200 Best Ad Photographers Worldwide 2025\/26\u201c aufgenommen. Diese internationale Auszeichnung z\u00e4hlt zu den anerkannten Rankings im Bereich der Werbefotografie.<\/p>\n\n\n\n<p class=\"p1\">Ich freue mich sehr \u00fcber diese Anerkennung und sehe sie als Best\u00e4tigung meiner fotografischen Arbeit und Bildsprache.<\/p>\n","protected":false},"excerpt":{"rendered":"<p>Dieses Selbstportrait zeigt mich als Werbe- und Portraitfotograf \u2013 inszeniert zwischen \u00c4sthetik, Selbstbild und einem bewussten Spiel mit Klischees.<\/p>\n","protected":false},"author":2,"featured_media":3550,"comment_status":"closed","ping_status":"open","sticky":false,"template":"","format":"standard","meta":{"jetpack_post_was_ever_published":false,"jetpack_publicize_message":"","jetpack_is_tweetstorm":false,"jetpack_publicize_feature_enabled":true,"jetpack_social_post_already_shared":true,"jetpack_social_options":{"image_generator_settings":{"template":"highway","enabled":false}}},"categories":[7],"tags":[354,128,37,152,62,353,10,43,17,70,54,55],"jetpack_publicize_connections":[],"jetpack_featured_media_url":"https:\/\/blog.michaelliebert.com\/wp-content\/uploads\/2026\/05\/the_liebert16113fbcmichael-liebert.jpg","jetpack_sharing_enabled":true,"jetpack_shortlink":"https:\/\/wp.me\/p2IZn7-Vj","_links":{"self":[{"href":"https:\/\/blog.michaelliebert.com\/index.php?rest_route=\/wp\/v2\/posts\/3553"}],"collection":[{"href":"https:\/\/blog.michaelliebert.com\/index.php?rest_route=\/wp\/v2\/posts"}],"about":[{"href":"https:\/\/blog.michaelliebert.com\/index.php?rest_route=\/wp\/v2\/types\/post"}],"author":[{"embeddable":true,"href":"https:\/\/blog.michaelliebert.com\/index.php?rest_route=\/wp\/v2\/users\/2"}],"replies":[{"embeddable":true,"href":"https:\/\/blog.michaelliebert.com\/index.php?rest_route=%2Fwp%2Fv2%2Fcomments&post=3553"}],"version-history":[{"count":4,"href":"https:\/\/blog.michaelliebert.com\/index.php?rest_route=\/wp\/v2\/posts\/3553\/revisions"}],"predecessor-version":[{"id":3562,"href":"https:\/\/blog.michaelliebert.com\/index.php?rest_route=\/wp\/v2\/posts\/3553\/revisions\/3562"}],"wp:featuredmedia":[{"embeddable":true,"href":"https:\/\/blog.michaelliebert.com\/index.php?rest_route=\/wp\/v2\/media\/3550"}],"wp:attachment":[{"href":"https:\/\/blog.michaelliebert.com\/index.php?rest_route=%2Fwp%2Fv2%2Fmedia&parent=3553"}],"wp:term":[{"taxonomy":"category","embeddable":true,"href":"https:\/\/blog.michaelliebert.com\/index.php?rest_route=%2Fwp%2Fv2%2Fcategories&post=3553"},{"taxonomy":"post_tag","embeddable":true,"href":"https:\/\/blog.michaelliebert.com\/index.php?rest_route=%2Fwp%2Fv2%2Ftags&post=3553"}],"curies":[{"name":"wp","href":"https:\/\/api.w.org\/{rel}","templated":true}]}}