{"id":3493,"date":"2025-06-26T13:58:00","date_gmt":"2025-06-26T11:58:00","guid":{"rendered":"https:\/\/blog.michaelliebert.com\/?p=3493"},"modified":"2026-05-26T16:34:07","modified_gmt":"2026-05-26T14:34:07","slug":"michael-liebert-berufsfotograf-aus-niederoesterreich-bei-la-gacilly-baden-photo-2025","status":"publish","type":"post","link":"https:\/\/blog.michaelliebert.com\/?p=3493","title":{"rendered":"Michael Liebert, Berufsfotograf aus Nieder\u00f6sterreich, stellt beim La Gacilly Baden Photo Festival 2025 aus"},"content":{"rendered":"\n<p>Ich freue mich, dass eines meiner Bilder \u2013 eine Aufnahme des barocken <strong data-start=\"290\" data-end=\"304\">Stift Melk<\/strong> \u2013 f\u00fcr die Ausstellung der nieder\u00f6sterreichischen BerufsfotografInnen im Rahmen des <strong data-start=\"389\" data-end=\"420\">La Gacilly-Baden Photo 2025<\/strong> ausgew\u00e4hlt wurde!<\/p>\n\n\n\n<!--more-->\n\n\n\n<p>Das Stift Melk ist f\u00fcr mich mehr als nur ein prachtvoller Bau \u2013 es ist Symbol f\u00fcr Geschichte, Kultur und Spiritualit\u00e4t, eingebettet in eine atemberaubende Landschaft. Ich wollte genau diesen Zauber in meinem Bild festhalten.<\/p>\n\n\n\n<figure class=\"wp-block-image size-large\"><img data-attachment-id=\"3495\" data-permalink=\"https:\/\/blog.michaelliebert.com\/?attachment_id=3495\" data-orig-file=\"https:\/\/blog.michaelliebert.com\/wp-content\/uploads\/2025\/06\/LIE1733cmichael_liebert.jpg\" data-orig-size=\"2000,1333\" data-comments-opened=\"1\" data-image-meta=\"{&quot;aperture&quot;:&quot;0&quot;,&quot;credit&quot;:&quot;&quot;,&quot;camera&quot;:&quot;&quot;,&quot;caption&quot;:&quot;&quot;,&quot;created_timestamp&quot;:&quot;0&quot;,&quot;copyright&quot;:&quot;Michael Liebert&quot;,&quot;focal_length&quot;:&quot;0&quot;,&quot;iso&quot;:&quot;0&quot;,&quot;shutter_speed&quot;:&quot;0&quot;,&quot;title&quot;:&quot;&quot;,&quot;orientation&quot;:&quot;0&quot;}\" data-image-title=\"_LIE1733(c)michael_liebert\" data-image-description=\"\" data-image-caption=\"\" data-medium-file=\"https:\/\/blog.michaelliebert.com\/wp-content\/uploads\/2025\/06\/LIE1733cmichael_liebert-300x200.jpg\" data-large-file=\"https:\/\/blog.michaelliebert.com\/wp-content\/uploads\/2025\/06\/LIE1733cmichael_liebert-1024x682.jpg\" loading=\"lazy\" width=\"1024\" height=\"682\" src=\"https:\/\/blog.michaelliebert.com\/wp-content\/uploads\/2025\/06\/LIE1733cmichael_liebert-1024x682.jpg\" alt=\"\" class=\"wp-image-3495\" srcset=\"https:\/\/blog.michaelliebert.com\/wp-content\/uploads\/2025\/06\/LIE1733cmichael_liebert-1024x682.jpg 1024w, https:\/\/blog.michaelliebert.com\/wp-content\/uploads\/2025\/06\/LIE1733cmichael_liebert-300x200.jpg 300w, https:\/\/blog.michaelliebert.com\/wp-content\/uploads\/2025\/06\/LIE1733cmichael_liebert-768x512.jpg 768w, https:\/\/blog.michaelliebert.com\/wp-content\/uploads\/2025\/06\/LIE1733cmichael_liebert-1536x1024.jpg 1536w, https:\/\/blog.michaelliebert.com\/wp-content\/uploads\/2025\/06\/LIE1733cmichael_liebert-624x416.jpg 624w, https:\/\/blog.michaelliebert.com\/wp-content\/uploads\/2025\/06\/LIE1733cmichael_liebert.jpg 2000w\" sizes=\"(max-width: 1024px) 100vw, 1024px\" \/><\/figure>\n\n\n\n<p>Das <strong data-start=\"855\" data-end=\"890\">La Gacilly-Baden Photo Festival<\/strong>, gegr\u00fcndet und kuratiert vom international bekannten Fotografen <strong data-start=\"955\" data-end=\"975\">Lois Lammerhuber<\/strong>, z\u00e4hlt zu den gr\u00f6\u00dften Outdoor-Fotofestivals Europas und zieht jedes Jahr tausende BesucherInnen in die Stadt Baden.&nbsp;<\/p>\n\n\n\n<p>Die Ausstellung der N\u00d6 BerufsfotografInnen bietet eine einzigartige Plattform, um kreative Arbeiten einem breiten Publikum zu pr\u00e4sentieren \u2013 mitten in der Stadt, unter freiem Himmel, und im Rahmen eines der bedeutendsten Fotofestivals Europas.<\/p>\n\n\n\n<p>Wer Lust hat, mein Bild und viele andere beeindruckende Werke zu sehen: Das Festival l\u00e4uft bis Oktober 2025.<br data-start=\"1555\" data-end=\"1558\" \/>&#x1f4cd; Infos unter: <a href=\"https:\/\/festival-lagacilly-baden.photo\/de\" target=\"_blank\" rel=\"noopener\">https:\/\/festival-lagacilly-baden.photo\/de<\/a><\/p>\n","protected":false},"excerpt":{"rendered":"<p>Ich freue mich, dass eines meiner Bilder \u2013 eine Aufnahme des barocken Stift Melk \u2013 f\u00fcr die Ausstellung der nieder\u00f6sterreichischen BerufsfotografInnen im Rahmen des La Gacilly-Baden Photo 2025 ausgew\u00e4hlt wurde!<\/p>\n","protected":false},"author":2,"featured_media":3500,"comment_status":"closed","ping_status":"closed","sticky":false,"template":"","format":"standard","meta":{"jetpack_post_was_ever_published":false,"jetpack_publicize_message":"","jetpack_is_tweetstorm":false,"jetpack_publicize_feature_enabled":true,"jetpack_social_post_already_shared":true,"jetpack_social_options":{"image_generator_settings":{"template":"highway","enabled":false}}},"categories":[7],"tags":[345,37,347,343,60,10,43,246,58,346,344],"jetpack_publicize_connections":[],"jetpack_featured_media_url":"https:\/\/blog.michaelliebert.com\/wp-content\/uploads\/2025\/06\/IMG_4463HFctina-schneewittchen.jpg","jetpack_sharing_enabled":true,"jetpack_shortlink":"https:\/\/wp.me\/p2IZn7-Ul","_links":{"self":[{"href":"https:\/\/blog.michaelliebert.com\/index.php?rest_route=\/wp\/v2\/posts\/3493"}],"collection":[{"href":"https:\/\/blog.michaelliebert.com\/index.php?rest_route=\/wp\/v2\/posts"}],"about":[{"href":"https:\/\/blog.michaelliebert.com\/index.php?rest_route=\/wp\/v2\/types\/post"}],"author":[{"embeddable":true,"href":"https:\/\/blog.michaelliebert.com\/index.php?rest_route=\/wp\/v2\/users\/2"}],"replies":[{"embeddable":true,"href":"https:\/\/blog.michaelliebert.com\/index.php?rest_route=%2Fwp%2Fv2%2Fcomments&post=3493"}],"version-history":[{"count":8,"href":"https:\/\/blog.michaelliebert.com\/index.php?rest_route=\/wp\/v2\/posts\/3493\/revisions"}],"predecessor-version":[{"id":3561,"href":"https:\/\/blog.michaelliebert.com\/index.php?rest_route=\/wp\/v2\/posts\/3493\/revisions\/3561"}],"wp:featuredmedia":[{"embeddable":true,"href":"https:\/\/blog.michaelliebert.com\/index.php?rest_route=\/wp\/v2\/media\/3500"}],"wp:attachment":[{"href":"https:\/\/blog.michaelliebert.com\/index.php?rest_route=%2Fwp%2Fv2%2Fmedia&parent=3493"}],"wp:term":[{"taxonomy":"category","embeddable":true,"href":"https:\/\/blog.michaelliebert.com\/index.php?rest_route=%2Fwp%2Fv2%2Fcategories&post=3493"},{"taxonomy":"post_tag","embeddable":true,"href":"https:\/\/blog.michaelliebert.com\/index.php?rest_route=%2Fwp%2Fv2%2Ftags&post=3493"}],"curies":[{"name":"wp","href":"https:\/\/api.w.org\/{rel}","templated":true}]}}