{"id":3406,"date":"2025-01-27T20:25:17","date_gmt":"2025-01-27T18:25:17","guid":{"rendered":"https:\/\/blog.michaelliebert.com\/?p=3406"},"modified":"2025-04-17T11:17:44","modified_gmt":"2025-04-17T09:17:44","slug":"echte-meister","status":"publish","type":"post","link":"https:\/\/blog.michaelliebert.com\/?p=3406","title":{"rendered":"WIFI Campus Dornbirn \u2013 Echte Meister"},"content":{"rendered":"\n<p>Als Vortragender hatte ich die Ehre, leidenschaftlichen FotografInnen der Meisterklasse der Fotografie vom WIFI Campus Dornbirn, einen tiefen Einblick in die Welt der redaktionellen Fotografie zu geben. <\/p>\n\n\n\n<!--more-->\n\n\n\n<figure class=\"wp-block-image size-large\"><img data-attachment-id=\"3403\" data-permalink=\"https:\/\/blog.michaelliebert.com\/?attachment_id=3403\" data-orig-file=\"https:\/\/blog.michaelliebert.com\/wp-content\/uploads\/2025\/01\/IMG_3207-michael-liebert.jpg\" data-orig-size=\"2000,1500\" data-comments-opened=\"1\" data-image-meta=\"{&quot;aperture&quot;:&quot;0&quot;,&quot;credit&quot;:&quot;&quot;,&quot;camera&quot;:&quot;&quot;,&quot;caption&quot;:&quot;&quot;,&quot;created_timestamp&quot;:&quot;0&quot;,&quot;copyright&quot;:&quot;&quot;,&quot;focal_length&quot;:&quot;0&quot;,&quot;iso&quot;:&quot;0&quot;,&quot;shutter_speed&quot;:&quot;0&quot;,&quot;title&quot;:&quot;&quot;,&quot;orientation&quot;:&quot;0&quot;}\" data-image-title=\"IMG_3207-michael-liebert\" data-image-description=\"\" data-image-caption=\"\" data-medium-file=\"https:\/\/blog.michaelliebert.com\/wp-content\/uploads\/2025\/01\/IMG_3207-michael-liebert-300x225.jpg\" data-large-file=\"https:\/\/blog.michaelliebert.com\/wp-content\/uploads\/2025\/01\/IMG_3207-michael-liebert-1024x768.jpg\" loading=\"lazy\" width=\"1024\" height=\"768\" src=\"https:\/\/blog.michaelliebert.com\/wp-content\/uploads\/2025\/01\/IMG_3207-michael-liebert-1024x768.jpg\" alt=\"\" class=\"wp-image-3403\" srcset=\"https:\/\/blog.michaelliebert.com\/wp-content\/uploads\/2025\/01\/IMG_3207-michael-liebert-1024x768.jpg 1024w, https:\/\/blog.michaelliebert.com\/wp-content\/uploads\/2025\/01\/IMG_3207-michael-liebert-300x225.jpg 300w, https:\/\/blog.michaelliebert.com\/wp-content\/uploads\/2025\/01\/IMG_3207-michael-liebert-768x576.jpg 768w, https:\/\/blog.michaelliebert.com\/wp-content\/uploads\/2025\/01\/IMG_3207-michael-liebert-1536x1152.jpg 1536w, https:\/\/blog.michaelliebert.com\/wp-content\/uploads\/2025\/01\/IMG_3207-michael-liebert-624x468.jpg 624w, https:\/\/blog.michaelliebert.com\/wp-content\/uploads\/2025\/01\/IMG_3207-michael-liebert.jpg 2000w\" sizes=\"(max-width: 1024px) 100vw, 1024px\" \/><\/figure>\n\n\n\n<p>In diesem praxisbezogenen Workshop haben wir uns intensiv mit den verschiedenen Facetten der redaktionellen Fotografie besch\u00e4ftigt. Von der Ideenfindung \u00fcber die Planung bis hin zur Umsetzung \u2013 wir haben alles durchleuchtet!&nbsp;<\/p>\n\n\n\n<figure class=\"wp-block-image size-large\"><img data-attachment-id=\"3405\" data-permalink=\"https:\/\/blog.michaelliebert.com\/?attachment_id=3405\" data-orig-file=\"https:\/\/blog.michaelliebert.com\/wp-content\/uploads\/2025\/01\/IMG_3325-michael-liebert.jpg\" data-orig-size=\"2000,1500\" data-comments-opened=\"1\" data-image-meta=\"{&quot;aperture&quot;:&quot;0&quot;,&quot;credit&quot;:&quot;&quot;,&quot;camera&quot;:&quot;&quot;,&quot;caption&quot;:&quot;&quot;,&quot;created_timestamp&quot;:&quot;0&quot;,&quot;copyright&quot;:&quot;&quot;,&quot;focal_length&quot;:&quot;0&quot;,&quot;iso&quot;:&quot;0&quot;,&quot;shutter_speed&quot;:&quot;0&quot;,&quot;title&quot;:&quot;&quot;,&quot;orientation&quot;:&quot;0&quot;}\" data-image-title=\"IMG_3325-michael-liebert\" data-image-description=\"\" data-image-caption=\"\" data-medium-file=\"https:\/\/blog.michaelliebert.com\/wp-content\/uploads\/2025\/01\/IMG_3325-michael-liebert-300x225.jpg\" data-large-file=\"https:\/\/blog.michaelliebert.com\/wp-content\/uploads\/2025\/01\/IMG_3325-michael-liebert-1024x768.jpg\" loading=\"lazy\" width=\"1024\" height=\"768\" src=\"https:\/\/blog.michaelliebert.com\/wp-content\/uploads\/2025\/01\/IMG_3325-michael-liebert-1024x768.jpg\" alt=\"\" class=\"wp-image-3405\" srcset=\"https:\/\/blog.michaelliebert.com\/wp-content\/uploads\/2025\/01\/IMG_3325-michael-liebert-1024x768.jpg 1024w, https:\/\/blog.michaelliebert.com\/wp-content\/uploads\/2025\/01\/IMG_3325-michael-liebert-300x225.jpg 300w, https:\/\/blog.michaelliebert.com\/wp-content\/uploads\/2025\/01\/IMG_3325-michael-liebert-768x576.jpg 768w, https:\/\/blog.michaelliebert.com\/wp-content\/uploads\/2025\/01\/IMG_3325-michael-liebert-1536x1152.jpg 1536w, https:\/\/blog.michaelliebert.com\/wp-content\/uploads\/2025\/01\/IMG_3325-michael-liebert-624x468.jpg 624w, https:\/\/blog.michaelliebert.com\/wp-content\/uploads\/2025\/01\/IMG_3325-michael-liebert.jpg 2000w\" sizes=\"(max-width: 1024px) 100vw, 1024px\" \/><\/figure>\n\n\n\n<p>Die Teilnehmer und Teilnehmerinnen hatten die M\u00f6glichkeit, ihre kreativen Visionen in die Tat umzusetzen und dabei wertvolle Tipps und Techniken zu erlernen, um ihre Geschichten visuell zum Leben zu erwecken. Besonders spannend war es, gemeinsam an realen Projekten zu arbeiten und die Herausforderungen des redaktionellen Alltags zu meistern.&nbsp;<\/p>\n\n\n\n<figure class=\"wp-block-image size-large\"><img data-attachment-id=\"3410\" data-permalink=\"https:\/\/blog.michaelliebert.com\/?attachment_id=3410\" data-orig-file=\"https:\/\/blog.michaelliebert.com\/wp-content\/uploads\/2025\/01\/IMG_31301_michael-liebert.jpg\" data-orig-size=\"2000,1500\" data-comments-opened=\"1\" data-image-meta=\"{&quot;aperture&quot;:&quot;0&quot;,&quot;credit&quot;:&quot;&quot;,&quot;camera&quot;:&quot;&quot;,&quot;caption&quot;:&quot;&quot;,&quot;created_timestamp&quot;:&quot;0&quot;,&quot;copyright&quot;:&quot;&quot;,&quot;focal_length&quot;:&quot;0&quot;,&quot;iso&quot;:&quot;0&quot;,&quot;shutter_speed&quot;:&quot;0&quot;,&quot;title&quot;:&quot;&quot;,&quot;orientation&quot;:&quot;0&quot;}\" data-image-title=\"IMG_31301_michael-liebert\" data-image-description=\"\" data-image-caption=\"\" data-medium-file=\"https:\/\/blog.michaelliebert.com\/wp-content\/uploads\/2025\/01\/IMG_31301_michael-liebert-300x225.jpg\" data-large-file=\"https:\/\/blog.michaelliebert.com\/wp-content\/uploads\/2025\/01\/IMG_31301_michael-liebert-1024x768.jpg\" loading=\"lazy\" width=\"1024\" height=\"768\" src=\"https:\/\/blog.michaelliebert.com\/wp-content\/uploads\/2025\/01\/IMG_31301_michael-liebert-1024x768.jpg\" alt=\"\" class=\"wp-image-3410\" srcset=\"https:\/\/blog.michaelliebert.com\/wp-content\/uploads\/2025\/01\/IMG_31301_michael-liebert-1024x768.jpg 1024w, https:\/\/blog.michaelliebert.com\/wp-content\/uploads\/2025\/01\/IMG_31301_michael-liebert-300x225.jpg 300w, https:\/\/blog.michaelliebert.com\/wp-content\/uploads\/2025\/01\/IMG_31301_michael-liebert-768x576.jpg 768w, https:\/\/blog.michaelliebert.com\/wp-content\/uploads\/2025\/01\/IMG_31301_michael-liebert-1536x1152.jpg 1536w, https:\/\/blog.michaelliebert.com\/wp-content\/uploads\/2025\/01\/IMG_31301_michael-liebert-624x468.jpg 624w, https:\/\/blog.michaelliebert.com\/wp-content\/uploads\/2025\/01\/IMG_31301_michael-liebert.jpg 2000w\" sizes=\"(max-width: 1024px) 100vw, 1024px\" \/><\/figure>\n\n\n\n<p>Ich bin begeistert von den Ergebnissen, die alle Teilnehmer und Teilnehmerinnen erzielt haben, und kann es kaum erwarten, ihre fertigen Projektarbeiten Ende M\u00e4rz zu sehen!&nbsp;<\/p>\n\n\n\n<figure class=\"wp-block-image size-large\"><img data-attachment-id=\"3411\" data-permalink=\"https:\/\/blog.michaelliebert.com\/?attachment_id=3411\" data-orig-file=\"https:\/\/blog.michaelliebert.com\/wp-content\/uploads\/2025\/01\/workshopWIFI-michael-liebert.jpg\" data-orig-size=\"1600,1200\" data-comments-opened=\"1\" data-image-meta=\"{&quot;aperture&quot;:&quot;0&quot;,&quot;credit&quot;:&quot;&quot;,&quot;camera&quot;:&quot;&quot;,&quot;caption&quot;:&quot;&quot;,&quot;created_timestamp&quot;:&quot;0&quot;,&quot;copyright&quot;:&quot;&quot;,&quot;focal_length&quot;:&quot;0&quot;,&quot;iso&quot;:&quot;0&quot;,&quot;shutter_speed&quot;:&quot;0&quot;,&quot;title&quot;:&quot;&quot;,&quot;orientation&quot;:&quot;0&quot;}\" data-image-title=\"workshopWIFI-michael-liebert\" data-image-description=\"\" data-image-caption=\"\" data-medium-file=\"https:\/\/blog.michaelliebert.com\/wp-content\/uploads\/2025\/01\/workshopWIFI-michael-liebert-300x225.jpg\" data-large-file=\"https:\/\/blog.michaelliebert.com\/wp-content\/uploads\/2025\/01\/workshopWIFI-michael-liebert-1024x768.jpg\" loading=\"lazy\" width=\"1024\" height=\"768\" src=\"https:\/\/blog.michaelliebert.com\/wp-content\/uploads\/2025\/01\/workshopWIFI-michael-liebert-1024x768.jpg\" alt=\"\" class=\"wp-image-3411\" srcset=\"https:\/\/blog.michaelliebert.com\/wp-content\/uploads\/2025\/01\/workshopWIFI-michael-liebert-1024x768.jpg 1024w, https:\/\/blog.michaelliebert.com\/wp-content\/uploads\/2025\/01\/workshopWIFI-michael-liebert-300x225.jpg 300w, https:\/\/blog.michaelliebert.com\/wp-content\/uploads\/2025\/01\/workshopWIFI-michael-liebert-768x576.jpg 768w, https:\/\/blog.michaelliebert.com\/wp-content\/uploads\/2025\/01\/workshopWIFI-michael-liebert-1536x1152.jpg 1536w, https:\/\/blog.michaelliebert.com\/wp-content\/uploads\/2025\/01\/workshopWIFI-michael-liebert-624x468.jpg 624w, https:\/\/blog.michaelliebert.com\/wp-content\/uploads\/2025\/01\/workshopWIFI-michael-liebert.jpg 1600w\" sizes=\"(max-width: 1024px) 100vw, 1024px\" \/><\/figure>\n\n\n\n<p>Ein gro\u00dfes Dankesch\u00f6n an den <strong>WIFI Campus Dornbirn<\/strong> und an den Obmann der Vbg. Berufsfotografie <strong>Matthias Weissengruber<\/strong> f\u00fcr die gro\u00dfartige Organisation und an alle Teilnehmer und Teilnehmerinnen f\u00fcr ihr Engagement und ihre Kreativit\u00e4t!<\/p>\n\n\n\n<p>Bleibt dran f\u00fcr weitere Workshops und spannende Themen rund um die Fotografie! &#x1f4c5;&#x2728;<\/p>\n","protected":false},"excerpt":{"rendered":"<p>Als Vortragender hatte ich die Ehre, leidenschaftlichen FotografInnen der Meisterklasse der Fotografie vom WIFI Campus Dornbirn, einen tiefen Einblick in die Welt der redaktionellen Fotografie zu geben.<\/p>\n","protected":false},"author":2,"featured_media":3400,"comment_status":"closed","ping_status":"closed","sticky":false,"template":"","format":"standard","meta":{"jetpack_post_was_ever_published":false,"jetpack_publicize_message":"","jetpack_is_tweetstorm":false,"jetpack_publicize_feature_enabled":true,"jetpack_social_post_already_shared":true,"jetpack_social_options":{"image_generator_settings":{"template":"highway","enabled":false}}},"categories":[7],"tags":[322,320,37,317,323,10,43,319,321,318],"jetpack_publicize_connections":[],"jetpack_featured_media_url":"https:\/\/blog.michaelliebert.com\/wp-content\/uploads\/2025\/01\/IMG_3156-michael-liebert.jpg","jetpack_sharing_enabled":true,"jetpack_shortlink":"https:\/\/wp.me\/p2IZn7-SW","_links":{"self":[{"href":"https:\/\/blog.michaelliebert.com\/index.php?rest_route=\/wp\/v2\/posts\/3406"}],"collection":[{"href":"https:\/\/blog.michaelliebert.com\/index.php?rest_route=\/wp\/v2\/posts"}],"about":[{"href":"https:\/\/blog.michaelliebert.com\/index.php?rest_route=\/wp\/v2\/types\/post"}],"author":[{"embeddable":true,"href":"https:\/\/blog.michaelliebert.com\/index.php?rest_route=\/wp\/v2\/users\/2"}],"replies":[{"embeddable":true,"href":"https:\/\/blog.michaelliebert.com\/index.php?rest_route=%2Fwp%2Fv2%2Fcomments&post=3406"}],"version-history":[{"count":8,"href":"https:\/\/blog.michaelliebert.com\/index.php?rest_route=\/wp\/v2\/posts\/3406\/revisions"}],"predecessor-version":[{"id":3472,"href":"https:\/\/blog.michaelliebert.com\/index.php?rest_route=\/wp\/v2\/posts\/3406\/revisions\/3472"}],"wp:featuredmedia":[{"embeddable":true,"href":"https:\/\/blog.michaelliebert.com\/index.php?rest_route=\/wp\/v2\/media\/3400"}],"wp:attachment":[{"href":"https:\/\/blog.michaelliebert.com\/index.php?rest_route=%2Fwp%2Fv2%2Fmedia&parent=3406"}],"wp:term":[{"taxonomy":"category","embeddable":true,"href":"https:\/\/blog.michaelliebert.com\/index.php?rest_route=%2Fwp%2Fv2%2Fcategories&post=3406"},{"taxonomy":"post_tag","embeddable":true,"href":"https:\/\/blog.michaelliebert.com\/index.php?rest_route=%2Fwp%2Fv2%2Ftags&post=3406"}],"curies":[{"name":"wp","href":"https:\/\/api.w.org\/{rel}","templated":true}]}}