{"id":3008,"date":"2023-08-29T20:20:25","date_gmt":"2023-08-29T18:20:25","guid":{"rendered":"https:\/\/blog.michaelliebert.com\/?p=3008"},"modified":"2023-08-29T20:20:26","modified_gmt":"2023-08-29T18:20:26","slug":"fotograf-michael-liebert-kooperiert-mit-wetgruppe","status":"publish","type":"post","link":"https:\/\/blog.michaelliebert.com\/?p=3008","title":{"rendered":"Fotograf Michael Liebert kooperiert mit WETgruppe"},"content":{"rendered":"\n<p><strong>Die gemeinn\u00fctzige Wohnbaugesellschaft WETgruppe revitalisierte nicht nur ihr B\u00fcrogeb\u00e4ude in M\u00f6dling, sondern auch jeden, einzelnen Arbeitsplatz \u2013 mit Landschaftsfotografien des nieder\u00f6sterreichischen Fotografen Michael Liebert.<\/strong><\/p>\n\n\n\n<!--more-->\n\n\n\n<figure class=\"wp-block-image size-large\"><img data-attachment-id=\"3003\" data-permalink=\"https:\/\/blog.michaelliebert.com\/?attachment_id=3003\" data-orig-file=\"https:\/\/blog.michaelliebert.com\/wp-content\/uploads\/2023\/08\/IMG_7282cmichael-liebert.jpg\" data-orig-size=\"1500,2000\" data-comments-opened=\"1\" data-image-meta=\"{&quot;aperture&quot;:&quot;0&quot;,&quot;credit&quot;:&quot;&quot;,&quot;camera&quot;:&quot;&quot;,&quot;caption&quot;:&quot;&quot;,&quot;created_timestamp&quot;:&quot;0&quot;,&quot;copyright&quot;:&quot;Michael Liebert&quot;,&quot;focal_length&quot;:&quot;0&quot;,&quot;iso&quot;:&quot;0&quot;,&quot;shutter_speed&quot;:&quot;0&quot;,&quot;title&quot;:&quot;&quot;,&quot;orientation&quot;:&quot;0&quot;}\" data-image-title=\"IMG_7282(c)michael-liebert\" data-image-description=\"\" data-image-caption=\"\" data-medium-file=\"https:\/\/blog.michaelliebert.com\/wp-content\/uploads\/2023\/08\/IMG_7282cmichael-liebert-225x300.jpg\" data-large-file=\"https:\/\/blog.michaelliebert.com\/wp-content\/uploads\/2023\/08\/IMG_7282cmichael-liebert-768x1024.jpg\" loading=\"lazy\" width=\"768\" height=\"1024\" src=\"https:\/\/blog.michaelliebert.com\/wp-content\/uploads\/2023\/08\/IMG_7282cmichael-liebert-768x1024.jpg\" alt=\"\" class=\"wp-image-3003\" srcset=\"https:\/\/blog.michaelliebert.com\/wp-content\/uploads\/2023\/08\/IMG_7282cmichael-liebert-768x1024.jpg 768w, https:\/\/blog.michaelliebert.com\/wp-content\/uploads\/2023\/08\/IMG_7282cmichael-liebert-225x300.jpg 225w, https:\/\/blog.michaelliebert.com\/wp-content\/uploads\/2023\/08\/IMG_7282cmichael-liebert-1152x1536.jpg 1152w, https:\/\/blog.michaelliebert.com\/wp-content\/uploads\/2023\/08\/IMG_7282cmichael-liebert-624x832.jpg 624w, https:\/\/blog.michaelliebert.com\/wp-content\/uploads\/2023\/08\/IMG_7282cmichael-liebert.jpg 1500w\" sizes=\"(max-width: 768px) 100vw, 768px\" \/><\/figure>\n\n\n\n<p>Seit Jahrzehnten ist die WETgruppe dem Land Nieder\u00f6sterreich und seinen Leuten eng verbunden. Dieses Band wollte man nach der Revitalisierung des Geb\u00e4udes auch in den einzelnen R\u00e4umen weiterkn\u00fcpfen. Um dieses B\u00fcndnis mit Nieder\u00f6sterreich auch zu visualisieren, wurden \u00fcber 50 Landschaftsportraits des Fotografen Michael Liebert in Form von Leinenbildern aufgeh\u00e4ngt.<\/p>\n<p>\u201eUnser Ziel war es, den neuen, modernen B\u00fcror\u00e4umen, mit sch\u00f6nen, ausdrucksstarken Fotografien von Nieder\u00f6sterreich den letzten Schliff zu geben. Mit der guten Zusammenarbeit mit Michael Liebert, ist uns das auch gelungen. Unsere Mitarbeitenden sind mit den Motiven sehr zufrieden und uns ist wichtig, dass sie sich am Arbeitsplatz wohl f\u00fchlen\u201c, sagt die Marketing-Leiterin der WETgruppe, Julia Leitner-Christ.<\/p>\n\n\n\n<figure class=\"wp-block-image size-large\"><img data-attachment-id=\"3004\" data-permalink=\"https:\/\/blog.michaelliebert.com\/?attachment_id=3004\" data-orig-file=\"https:\/\/blog.michaelliebert.com\/wp-content\/uploads\/2023\/08\/spitz-an-der-donaucmichael-liebert.jpg\" data-orig-size=\"2000,975\" data-comments-opened=\"1\" data-image-meta=\"{&quot;aperture&quot;:&quot;0&quot;,&quot;credit&quot;:&quot;&quot;,&quot;camera&quot;:&quot;&quot;,&quot;caption&quot;:&quot;&quot;,&quot;created_timestamp&quot;:&quot;0&quot;,&quot;copyright&quot;:&quot;Michael Liebert&quot;,&quot;focal_length&quot;:&quot;0&quot;,&quot;iso&quot;:&quot;0&quot;,&quot;shutter_speed&quot;:&quot;0&quot;,&quot;title&quot;:&quot;&quot;,&quot;orientation&quot;:&quot;0&quot;}\" data-image-title=\"spitz-an-der-donau(c)michael-liebert\" data-image-description=\"\" data-image-caption=\"\" data-medium-file=\"https:\/\/blog.michaelliebert.com\/wp-content\/uploads\/2023\/08\/spitz-an-der-donaucmichael-liebert-300x146.jpg\" data-large-file=\"https:\/\/blog.michaelliebert.com\/wp-content\/uploads\/2023\/08\/spitz-an-der-donaucmichael-liebert-1024x499.jpg\" loading=\"lazy\" width=\"1024\" height=\"499\" src=\"https:\/\/blog.michaelliebert.com\/wp-content\/uploads\/2023\/08\/spitz-an-der-donaucmichael-liebert-1024x499.jpg\" alt=\"\" class=\"wp-image-3004\" srcset=\"https:\/\/blog.michaelliebert.com\/wp-content\/uploads\/2023\/08\/spitz-an-der-donaucmichael-liebert-1024x499.jpg 1024w, https:\/\/blog.michaelliebert.com\/wp-content\/uploads\/2023\/08\/spitz-an-der-donaucmichael-liebert-300x146.jpg 300w, https:\/\/blog.michaelliebert.com\/wp-content\/uploads\/2023\/08\/spitz-an-der-donaucmichael-liebert-768x374.jpg 768w, https:\/\/blog.michaelliebert.com\/wp-content\/uploads\/2023\/08\/spitz-an-der-donaucmichael-liebert-1536x749.jpg 1536w, https:\/\/blog.michaelliebert.com\/wp-content\/uploads\/2023\/08\/spitz-an-der-donaucmichael-liebert-624x304.jpg 624w, https:\/\/blog.michaelliebert.com\/wp-content\/uploads\/2023\/08\/spitz-an-der-donaucmichael-liebert.jpg 2000w\" sizes=\"(max-width: 1024px) 100vw, 1024px\" \/><\/figure>\n\n\n\n<p><em>\u201eSchon seit vielen Jahren bin ich auf der Suche nach den besten Landschaftsmotiven. Ich versuche mit meinen Fotos Nieder\u00f6sterreich in seiner ganzen Vielfalt bildlich einzufangen. Best\u00e4tigung findet dies durch zahlreiche nationale und internationale Ver\u00f6ffentlichungen in B\u00fcchern, Zeitschriften und Magazinen. Es macht mich schon etwas stolz, wenn man ein so tolles B\u00fcrogeb\u00e4ude, wie das der WETgruppe betritt und in jedem Raum ein Bild von mir h\u00e4ngt \u201c,<\/em> so Liebert.<\/p>\n\n\n\n<p>Weitere Bilder unter: <a href=\"https:\/\/michaelliebert.com\/landschaft\/uebersicht\" target=\"_blank\" rel=\"noopener\">https:\/\/michaelliebert.com\/landschaft\/uebersicht<\/a><\/p>\n\n\n","protected":false},"excerpt":{"rendered":"<p>Die gemeinn\u00fctzige Wohnbaugesellschaft WETgruppe revitalisierte nicht nur ihr B\u00fcrogeb\u00e4ude in M\u00f6dling, sondern auch jeden, einzelnen Arbeitsplatz \u2013 mit Landschaftsfotografien des nieder\u00f6sterreichischen Fotografen Michael Liebert.<\/p>\n","protected":false},"author":2,"featured_media":3002,"comment_status":"closed","ping_status":"closed","sticky":false,"template":"","format":"standard","meta":{"jetpack_post_was_ever_published":false,"jetpack_publicize_message":"","jetpack_is_tweetstorm":false,"jetpack_publicize_feature_enabled":true,"jetpack_social_post_already_shared":true,"jetpack_social_options":{"image_generator_settings":{"template":"highway","enabled":false}}},"categories":[7],"tags":[37,288,59,60,10,43,58,287,289],"jetpack_publicize_connections":[],"jetpack_featured_media_url":"https:\/\/blog.michaelliebert.com\/wp-content\/uploads\/2023\/08\/IMG_7273cmichael-liebert.jpg","jetpack_sharing_enabled":true,"jetpack_shortlink":"https:\/\/wp.me\/p2IZn7-Mw","_links":{"self":[{"href":"https:\/\/blog.michaelliebert.com\/index.php?rest_route=\/wp\/v2\/posts\/3008"}],"collection":[{"href":"https:\/\/blog.michaelliebert.com\/index.php?rest_route=\/wp\/v2\/posts"}],"about":[{"href":"https:\/\/blog.michaelliebert.com\/index.php?rest_route=\/wp\/v2\/types\/post"}],"author":[{"embeddable":true,"href":"https:\/\/blog.michaelliebert.com\/index.php?rest_route=\/wp\/v2\/users\/2"}],"replies":[{"embeddable":true,"href":"https:\/\/blog.michaelliebert.com\/index.php?rest_route=%2Fwp%2Fv2%2Fcomments&post=3008"}],"version-history":[{"count":4,"href":"https:\/\/blog.michaelliebert.com\/index.php?rest_route=\/wp\/v2\/posts\/3008\/revisions"}],"predecessor-version":[{"id":3012,"href":"https:\/\/blog.michaelliebert.com\/index.php?rest_route=\/wp\/v2\/posts\/3008\/revisions\/3012"}],"wp:featuredmedia":[{"embeddable":true,"href":"https:\/\/blog.michaelliebert.com\/index.php?rest_route=\/wp\/v2\/media\/3002"}],"wp:attachment":[{"href":"https:\/\/blog.michaelliebert.com\/index.php?rest_route=%2Fwp%2Fv2%2Fmedia&parent=3008"}],"wp:term":[{"taxonomy":"category","embeddable":true,"href":"https:\/\/blog.michaelliebert.com\/index.php?rest_route=%2Fwp%2Fv2%2Fcategories&post=3008"},{"taxonomy":"post_tag","embeddable":true,"href":"https:\/\/blog.michaelliebert.com\/index.php?rest_route=%2Fwp%2Fv2%2Ftags&post=3008"}],"curies":[{"name":"wp","href":"https:\/\/api.w.org\/{rel}","templated":true}]}}