{"id":2952,"date":"2023-04-04T14:52:29","date_gmt":"2023-04-04T12:52:29","guid":{"rendered":"https:\/\/blog.michaelliebert.com\/?p=2952"},"modified":"2023-04-07T15:09:38","modified_gmt":"2023-04-07T13:09:38","slug":"der-tod-hat-im-leben-einen-platz-gefunden","status":"publish","type":"post","link":"https:\/\/blog.michaelliebert.com\/?p=2952","title":{"rendered":"Der Tod hat im Leben einen Platz gefunden"},"content":{"rendered":"\n<p>Andrea Halmenschlager spricht mit ihren Unternehmen \u201e<strong>daheim<\/strong>gehen \u2013Die Palliativpflege f\u00fcr Zuhause\u201c das an, wor\u00fcber die Mehrheit der Menschen nicht gerne redet.<\/p>\n\n\n\n<!--more-->\n\n\n\n<p>Der Verlust ihres Vaters erweckte bei ihr das Interesse f\u00fcr den Palliativbereich. Die ausweglose Diagnose, viele Therapien mit ihren Nebenwirkungen, die Aufs und Abs, Hoffnung und Verzweiflung \u2013 all das habe sie hautnah miterlebt. Damals erfuhr sie von mobilen Palliativteams und lernte diese \u00fcberaus zu sch\u00e4tzen.<\/p>\n\n\n\n<figure class=\"wp-block-image size-large\"><img data-attachment-id=\"2954\" data-permalink=\"https:\/\/blog.michaelliebert.com\/?attachment_id=2954\" data-orig-file=\"https:\/\/blog.michaelliebert.com\/wp-content\/uploads\/2023\/02\/1LI0520cmichael-liebert.jpg\" data-orig-size=\"2000,1333\" data-comments-opened=\"1\" data-image-meta=\"{&quot;aperture&quot;:&quot;0&quot;,&quot;credit&quot;:&quot;&quot;,&quot;camera&quot;:&quot;&quot;,&quot;caption&quot;:&quot;&quot;,&quot;created_timestamp&quot;:&quot;0&quot;,&quot;copyright&quot;:&quot;Michael Liebert&quot;,&quot;focal_length&quot;:&quot;0&quot;,&quot;iso&quot;:&quot;0&quot;,&quot;shutter_speed&quot;:&quot;0&quot;,&quot;title&quot;:&quot;&quot;,&quot;orientation&quot;:&quot;0&quot;}\" data-image-title=\"_1LI0520(c)michael-liebert\" data-image-description=\"\" data-image-caption=\"\" data-medium-file=\"https:\/\/blog.michaelliebert.com\/wp-content\/uploads\/2023\/02\/1LI0520cmichael-liebert-300x200.jpg\" data-large-file=\"https:\/\/blog.michaelliebert.com\/wp-content\/uploads\/2023\/02\/1LI0520cmichael-liebert-1024x682.jpg\" loading=\"lazy\" width=\"1024\" height=\"682\" src=\"https:\/\/blog.michaelliebert.com\/wp-content\/uploads\/2023\/02\/1LI0520cmichael-liebert-1024x682.jpg\" alt=\"\" class=\"wp-image-2954\" srcset=\"https:\/\/blog.michaelliebert.com\/wp-content\/uploads\/2023\/02\/1LI0520cmichael-liebert-1024x682.jpg 1024w, https:\/\/blog.michaelliebert.com\/wp-content\/uploads\/2023\/02\/1LI0520cmichael-liebert-300x200.jpg 300w, https:\/\/blog.michaelliebert.com\/wp-content\/uploads\/2023\/02\/1LI0520cmichael-liebert-768x512.jpg 768w, https:\/\/blog.michaelliebert.com\/wp-content\/uploads\/2023\/02\/1LI0520cmichael-liebert-1536x1024.jpg 1536w, https:\/\/blog.michaelliebert.com\/wp-content\/uploads\/2023\/02\/1LI0520cmichael-liebert-624x416.jpg 624w, https:\/\/blog.michaelliebert.com\/wp-content\/uploads\/2023\/02\/1LI0520cmichael-liebert.jpg 2000w\" sizes=\"(max-width: 1024px) 100vw, 1024px\" \/><\/figure>\n\n\n\n<figure class=\"wp-block-image size-large\"><img data-attachment-id=\"2956\" data-permalink=\"https:\/\/blog.michaelliebert.com\/?attachment_id=2956\" data-orig-file=\"https:\/\/blog.michaelliebert.com\/wp-content\/uploads\/2023\/02\/1LI0632cmichael-liebert.jpg\" data-orig-size=\"2000,1333\" data-comments-opened=\"1\" data-image-meta=\"{&quot;aperture&quot;:&quot;0&quot;,&quot;credit&quot;:&quot;&quot;,&quot;camera&quot;:&quot;&quot;,&quot;caption&quot;:&quot;&quot;,&quot;created_timestamp&quot;:&quot;0&quot;,&quot;copyright&quot;:&quot;Michael Liebert&quot;,&quot;focal_length&quot;:&quot;0&quot;,&quot;iso&quot;:&quot;0&quot;,&quot;shutter_speed&quot;:&quot;0&quot;,&quot;title&quot;:&quot;&quot;,&quot;orientation&quot;:&quot;0&quot;}\" data-image-title=\"_1LI0632(c)michael-liebert\" data-image-description=\"\" data-image-caption=\"\" data-medium-file=\"https:\/\/blog.michaelliebert.com\/wp-content\/uploads\/2023\/02\/1LI0632cmichael-liebert-300x200.jpg\" data-large-file=\"https:\/\/blog.michaelliebert.com\/wp-content\/uploads\/2023\/02\/1LI0632cmichael-liebert-1024x682.jpg\" loading=\"lazy\" width=\"1024\" height=\"682\" src=\"https:\/\/blog.michaelliebert.com\/wp-content\/uploads\/2023\/02\/1LI0632cmichael-liebert-1024x682.jpg\" alt=\"\" class=\"wp-image-2956\" srcset=\"https:\/\/blog.michaelliebert.com\/wp-content\/uploads\/2023\/02\/1LI0632cmichael-liebert-1024x682.jpg 1024w, https:\/\/blog.michaelliebert.com\/wp-content\/uploads\/2023\/02\/1LI0632cmichael-liebert-300x200.jpg 300w, https:\/\/blog.michaelliebert.com\/wp-content\/uploads\/2023\/02\/1LI0632cmichael-liebert-768x512.jpg 768w, https:\/\/blog.michaelliebert.com\/wp-content\/uploads\/2023\/02\/1LI0632cmichael-liebert-1536x1024.jpg 1536w, https:\/\/blog.michaelliebert.com\/wp-content\/uploads\/2023\/02\/1LI0632cmichael-liebert-624x416.jpg 624w, https:\/\/blog.michaelliebert.com\/wp-content\/uploads\/2023\/02\/1LI0632cmichael-liebert.jpg 2000w\" sizes=\"(max-width: 1024px) 100vw, 1024px\" \/><\/figure>\n\n\n\n<blockquote class=\"wp-block-quote has-text-align-center\"><p>Von da an reifte der eindringliche Wunsch in mir, m\u00f6glichst vielen Menschen ein Leben bis zuletzt nach ihren pers\u00f6nlichen W\u00fcnschen, Bed\u00fcrfnissen und Wertvorstellungen im&nbsp;eigenen Zuhause&nbsp;zu erm\u00f6glichen.<\/p><cite>Andrea Halmenschlager<\/cite><\/blockquote>\n\n\n\n<figure class=\"wp-block-image size-large\"><img data-attachment-id=\"2987\" data-permalink=\"https:\/\/blog.michaelliebert.com\/?attachment_id=2987\" data-orig-file=\"https:\/\/blog.michaelliebert.com\/wp-content\/uploads\/2023\/04\/Daheimgehen-Andrea-Halmenschlager-michael-liebert.jpg\" data-orig-size=\"2000,1000\" data-comments-opened=\"1\" data-image-meta=\"{&quot;aperture&quot;:&quot;0&quot;,&quot;credit&quot;:&quot;&quot;,&quot;camera&quot;:&quot;&quot;,&quot;caption&quot;:&quot;&quot;,&quot;created_timestamp&quot;:&quot;0&quot;,&quot;copyright&quot;:&quot;&quot;,&quot;focal_length&quot;:&quot;0&quot;,&quot;iso&quot;:&quot;0&quot;,&quot;shutter_speed&quot;:&quot;0&quot;,&quot;title&quot;:&quot;&quot;,&quot;orientation&quot;:&quot;0&quot;}\" data-image-title=\"Daheimgehen-Andrea-Halmenschlager-michael-liebert\" data-image-description=\"\" data-image-caption=\"\" data-medium-file=\"https:\/\/blog.michaelliebert.com\/wp-content\/uploads\/2023\/04\/Daheimgehen-Andrea-Halmenschlager-michael-liebert-300x150.jpg\" data-large-file=\"https:\/\/blog.michaelliebert.com\/wp-content\/uploads\/2023\/04\/Daheimgehen-Andrea-Halmenschlager-michael-liebert-1024x512.jpg\" loading=\"lazy\" width=\"1024\" height=\"512\" src=\"https:\/\/blog.michaelliebert.com\/wp-content\/uploads\/2023\/04\/Daheimgehen-Andrea-Halmenschlager-michael-liebert-1024x512.jpg\" alt=\"\" class=\"wp-image-2987\" srcset=\"https:\/\/blog.michaelliebert.com\/wp-content\/uploads\/2023\/04\/Daheimgehen-Andrea-Halmenschlager-michael-liebert-1024x512.jpg 1024w, https:\/\/blog.michaelliebert.com\/wp-content\/uploads\/2023\/04\/Daheimgehen-Andrea-Halmenschlager-michael-liebert-300x150.jpg 300w, https:\/\/blog.michaelliebert.com\/wp-content\/uploads\/2023\/04\/Daheimgehen-Andrea-Halmenschlager-michael-liebert-768x384.jpg 768w, https:\/\/blog.michaelliebert.com\/wp-content\/uploads\/2023\/04\/Daheimgehen-Andrea-Halmenschlager-michael-liebert-1536x768.jpg 1536w, https:\/\/blog.michaelliebert.com\/wp-content\/uploads\/2023\/04\/Daheimgehen-Andrea-Halmenschlager-michael-liebert-624x312.jpg 624w, https:\/\/blog.michaelliebert.com\/wp-content\/uploads\/2023\/04\/Daheimgehen-Andrea-Halmenschlager-michael-liebert.jpg 2000w\" sizes=\"(max-width: 1024px) 100vw, 1024px\" \/><\/figure>\n\n\n\n<div style=\"height:80px\" aria-hidden=\"true\" class=\"wp-block-spacer\"><\/div>\n\n\n\n<p>Mehr Bilder auf <a href=\"https:\/\/michaelliebert.com\/portrait\/galerie-andrea-halmenschlager\" target=\"_blank\" rel=\"noopener\">michaelliebert.com<\/a><\/p>\n<ul>\n<li>Kunde: Andrea Halmenschlager &#8211; <a href=\"https:\/\/daheimgehen.at\/\" target=\"_blank\" rel=\"noreferrer noopener\"><strong>daheim<\/strong>gehen<\/a><\/li>\n<li>Fotografie: <a href=\"https:\/\/michaelliebert.com\/\" target=\"_blank\" rel=\"noreferrer noopener\">Michael Liebert<\/a><\/li>\n<li>Grafik &amp; Design: <a href=\"https:\/\/www.schneewittchen.co.at\/\" target=\"_blank\" rel=\"noreferrer noopener\">Schneewittchen Werbeagentur<\/a><\/li>\n<\/ul>\n","protected":false},"excerpt":{"rendered":"<p>Andrea Halmenschlager spricht mit ihren Unternehmen \u201edaheimgehen \u2013Die Palliativpflege f\u00fcr Zuhause\u201c das an, wor\u00fcber die Mehrheit der Menschen nicht gerne redet.<\/p>\n","protected":false},"author":2,"featured_media":2955,"comment_status":"closed","ping_status":"closed","sticky":false,"template":"","format":"standard","meta":{"jetpack_post_was_ever_published":false,"jetpack_publicize_message":"","jetpack_is_tweetstorm":false,"jetpack_publicize_feature_enabled":true,"jetpack_social_post_already_shared":true,"jetpack_social_options":{"image_generator_settings":{"template":"highway","enabled":false}}},"categories":[7],"tags":[280,285,37,10,43,58,17,70,281,221,54,55],"jetpack_publicize_connections":[],"jetpack_featured_media_url":"https:\/\/blog.michaelliebert.com\/wp-content\/uploads\/2023\/02\/1LI0756cmichael-liebert.jpg","jetpack_sharing_enabled":true,"jetpack_shortlink":"https:\/\/wp.me\/p2IZn7-LC","_links":{"self":[{"href":"https:\/\/blog.michaelliebert.com\/index.php?rest_route=\/wp\/v2\/posts\/2952"}],"collection":[{"href":"https:\/\/blog.michaelliebert.com\/index.php?rest_route=\/wp\/v2\/posts"}],"about":[{"href":"https:\/\/blog.michaelliebert.com\/index.php?rest_route=\/wp\/v2\/types\/post"}],"author":[{"embeddable":true,"href":"https:\/\/blog.michaelliebert.com\/index.php?rest_route=\/wp\/v2\/users\/2"}],"replies":[{"embeddable":true,"href":"https:\/\/blog.michaelliebert.com\/index.php?rest_route=%2Fwp%2Fv2%2Fcomments&post=2952"}],"version-history":[{"count":21,"href":"https:\/\/blog.michaelliebert.com\/index.php?rest_route=\/wp\/v2\/posts\/2952\/revisions"}],"predecessor-version":[{"id":2995,"href":"https:\/\/blog.michaelliebert.com\/index.php?rest_route=\/wp\/v2\/posts\/2952\/revisions\/2995"}],"wp:featuredmedia":[{"embeddable":true,"href":"https:\/\/blog.michaelliebert.com\/index.php?rest_route=\/wp\/v2\/media\/2955"}],"wp:attachment":[{"href":"https:\/\/blog.michaelliebert.com\/index.php?rest_route=%2Fwp%2Fv2%2Fmedia&parent=2952"}],"wp:term":[{"taxonomy":"category","embeddable":true,"href":"https:\/\/blog.michaelliebert.com\/index.php?rest_route=%2Fwp%2Fv2%2Fcategories&post=2952"},{"taxonomy":"post_tag","embeddable":true,"href":"https:\/\/blog.michaelliebert.com\/index.php?rest_route=%2Fwp%2Fv2%2Ftags&post=2952"}],"curies":[{"name":"wp","href":"https:\/\/api.w.org\/{rel}","templated":true}]}}