{"id":2908,"date":"2022-11-15T13:30:33","date_gmt":"2022-11-15T11:30:33","guid":{"rendered":"https:\/\/blog.michaelliebert.com\/?p=2908"},"modified":"2022-11-15T13:33:25","modified_gmt":"2022-11-15T11:33:25","slug":"michael-liebert-u%cc%88ber-seine-projekte-aufgabenbereiche-und-seine-arbeit-mit-dem-zufall","status":"publish","type":"post","link":"https:\/\/blog.michaelliebert.com\/?p=2908","title":{"rendered":"Michael Liebert im Interview &#8211; u\u0308ber seine Projekte, Aufgabenbereiche und seine Arbeit mit dem Zufall"},"content":{"rendered":"\n\n\n<p class=\"p1\"><span class=\"s1\">MICHAEL LIEBERT <\/span>wurde bekannt durch seine unverkennbaren Landschafts- und Portr\u00e4tfotografien, zahlreichen Ausstellungen und Auszeichnungen. Der geborene Wiener lebt und arbeitet seit Jahrzehnten in Nieder\u00f6sterreich, wo er die Ruhe und die Natur sch\u00e4tzen gelernt hat. Im Interview mit <em>ZUKUNFT Redakteurin <span class=\"s1\">HEMMA M. PRAINSACK <\/span><\/em>erz\u00e4hlt er u\u0308ber seine Projekte, Aufgabenbereiche und seine Arbeit mit dem Zufall.<\/p>\n\n\n\n<!--more-->\n\n\n\n<div style=\"height:50px\" aria-hidden=\"true\" class=\"wp-block-spacer\"><\/div>\n\n\n\n<figure class=\"wp-block-image size-large\"><img data-attachment-id=\"2921\" data-permalink=\"https:\/\/blog.michaelliebert.com\/?attachment_id=2921\" data-orig-file=\"https:\/\/blog.michaelliebert.com\/wp-content\/uploads\/2022\/11\/facescmichael-liebert.jpg\" data-orig-size=\"2000,975\" data-comments-opened=\"1\" data-image-meta=\"{&quot;aperture&quot;:&quot;0&quot;,&quot;credit&quot;:&quot;Michael Liebert&quot;,&quot;camera&quot;:&quot;&quot;,&quot;caption&quot;:&quot;Abdruck unter Angabe des Fotocredits. Die Verwendung f\\u00fcr Verkaufswaren laut Vereinbarung. Die Werbung f\\u00fcr Dritte ist honorarpflichtig und bedarf der vorherigen ausdr\\u00fccklichen Zustimmung von Michael Liebert. Beachten Sie bitte die Allgemeinen Gesch\\u00e4ftsbedingungen, die Sie mit dem Download und Kauf des Bildmaterials akzeptieren.&quot;,&quot;created_timestamp&quot;:&quot;0&quot;,&quot;copyright&quot;:&quot;Michael Liebert&quot;,&quot;focal_length&quot;:&quot;0&quot;,&quot;iso&quot;:&quot;0&quot;,&quot;shutter_speed&quot;:&quot;0&quot;,&quot;title&quot;:&quot;&quot;,&quot;orientation&quot;:&quot;1&quot;}\" data-image-title=\"faces(c)michael liebert\" data-image-description=\"\" data-image-caption=\"&lt;p&gt;Abdruck unter Angabe des Fotocredits. Die Verwendung f\u00fcr Verkaufswaren laut Vereinbarung. Die Werbung f\u00fcr Dritte ist honorarpflichtig und bedarf der vorherigen ausdr\u00fccklichen Zustimmung von Michael Liebert. Beachten Sie bitte die Allgemeinen Gesch\u00e4ftsbedingungen, die Sie mit dem Download und Kauf des Bildmaterials akzeptieren.&lt;\/p&gt;\n\" data-medium-file=\"https:\/\/blog.michaelliebert.com\/wp-content\/uploads\/2022\/11\/facescmichael-liebert-300x146.jpg\" data-large-file=\"https:\/\/blog.michaelliebert.com\/wp-content\/uploads\/2022\/11\/facescmichael-liebert-1024x499.jpg\" loading=\"lazy\" width=\"1024\" height=\"499\" src=\"https:\/\/blog.michaelliebert.com\/wp-content\/uploads\/2022\/11\/facescmichael-liebert-1024x499.jpg\" alt=\"\" class=\"wp-image-2921\" srcset=\"https:\/\/blog.michaelliebert.com\/wp-content\/uploads\/2022\/11\/facescmichael-liebert-1024x499.jpg 1024w, https:\/\/blog.michaelliebert.com\/wp-content\/uploads\/2022\/11\/facescmichael-liebert-300x146.jpg 300w, https:\/\/blog.michaelliebert.com\/wp-content\/uploads\/2022\/11\/facescmichael-liebert-768x374.jpg 768w, https:\/\/blog.michaelliebert.com\/wp-content\/uploads\/2022\/11\/facescmichael-liebert-1536x749.jpg 1536w, https:\/\/blog.michaelliebert.com\/wp-content\/uploads\/2022\/11\/facescmichael-liebert-624x304.jpg 624w, https:\/\/blog.michaelliebert.com\/wp-content\/uploads\/2022\/11\/facescmichael-liebert.jpg 2000w\" sizes=\"(max-width: 1024px) 100vw, 1024px\" \/><figcaption>Portraitserie FACES<\/figcaption><\/figure>\n\n\n\n<div style=\"height:50px\" aria-hidden=\"true\" class=\"wp-block-spacer\"><\/div>\n\n\n\n<blockquote class=\"wp-block-quote has-text-align-center\"><p>\u201e<strong>GUTES AUSSEHEN MACHT DICH NICHT ZUR PERS\u00d6NLICHKEIT<\/strong>\u201c<\/p><cite>Fotograf Michael Liebert<\/cite><\/blockquote>\n\n\n\n<div style=\"height:50px\" aria-hidden=\"true\" class=\"wp-block-spacer\"><\/div>\n\n\n\n<figure class=\"wp-block-image size-large\"><img data-attachment-id=\"2913\" data-permalink=\"https:\/\/blog.michaelliebert.com\/?attachment_id=2913\" data-orig-file=\"https:\/\/blog.michaelliebert.com\/wp-content\/uploads\/2022\/11\/donauschleife_2007cmichael-liebert.jpg\" data-orig-size=\"2000,1277\" data-comments-opened=\"1\" data-image-meta=\"{&quot;aperture&quot;:&quot;0&quot;,&quot;credit&quot;:&quot;&quot;,&quot;camera&quot;:&quot;&quot;,&quot;caption&quot;:&quot;&quot;,&quot;created_timestamp&quot;:&quot;0&quot;,&quot;copyright&quot;:&quot;Berufsfotograf&quot;,&quot;focal_length&quot;:&quot;0&quot;,&quot;iso&quot;:&quot;0&quot;,&quot;shutter_speed&quot;:&quot;0&quot;,&quot;title&quot;:&quot;&quot;,&quot;orientation&quot;:&quot;0&quot;}\" data-image-title=\"donauschleife_2007(c)michael-liebert\" data-image-description=\"\" data-image-caption=\"\" data-medium-file=\"https:\/\/blog.michaelliebert.com\/wp-content\/uploads\/2022\/11\/donauschleife_2007cmichael-liebert-300x192.jpg\" data-large-file=\"https:\/\/blog.michaelliebert.com\/wp-content\/uploads\/2022\/11\/donauschleife_2007cmichael-liebert-1024x654.jpg\" loading=\"lazy\" width=\"1024\" height=\"654\" src=\"https:\/\/blog.michaelliebert.com\/wp-content\/uploads\/2022\/11\/donauschleife_2007cmichael-liebert-1024x654.jpg\" alt=\"\" class=\"wp-image-2913\" srcset=\"https:\/\/blog.michaelliebert.com\/wp-content\/uploads\/2022\/11\/donauschleife_2007cmichael-liebert-1024x654.jpg 1024w, https:\/\/blog.michaelliebert.com\/wp-content\/uploads\/2022\/11\/donauschleife_2007cmichael-liebert-300x192.jpg 300w, https:\/\/blog.michaelliebert.com\/wp-content\/uploads\/2022\/11\/donauschleife_2007cmichael-liebert-768x490.jpg 768w, https:\/\/blog.michaelliebert.com\/wp-content\/uploads\/2022\/11\/donauschleife_2007cmichael-liebert-1536x981.jpg 1536w, https:\/\/blog.michaelliebert.com\/wp-content\/uploads\/2022\/11\/donauschleife_2007cmichael-liebert-624x398.jpg 624w, https:\/\/blog.michaelliebert.com\/wp-content\/uploads\/2022\/11\/donauschleife_2007cmichael-liebert.jpg 2000w\" sizes=\"(max-width: 1024px) 100vw, 1024px\" \/><figcaption>Donauschleife Wachau<\/figcaption><\/figure>\n\n\n\n<div style=\"height:50px\" aria-hidden=\"true\" class=\"wp-block-spacer\"><\/div>\n\n\n\n<figure class=\"wp-block-image size-large\"><img data-attachment-id=\"2925\" data-permalink=\"https:\/\/blog.michaelliebert.com\/?attachment_id=2925\" data-orig-file=\"https:\/\/blog.michaelliebert.com\/wp-content\/uploads\/2022\/11\/friedrich-liechtenstein_2017cmichael-liebert.jpg\" data-orig-size=\"1200,800\" data-comments-opened=\"1\" data-image-meta=\"{&quot;aperture&quot;:&quot;0&quot;,&quot;credit&quot;:&quot;Michael Liebert\\\/ASAblanca.com&quot;,&quot;camera&quot;:&quot;&quot;,&quot;caption&quot;:&quot;Abdruck unter Angabe des Fotocredits. Die Verwendung f\\u00fcr Verkaufswaren laut Vereinbarung. Die Werbung f\\u00fcr Dritte ist honorarpflichtig und bedarf der vorherigen ausdr\\u00fccklichen Zustimmung von Michael Liebert. Beachten Sie bitte die Allgemeinen Gesch\\u00e4ftsbedingungen, die Sie mit dem Download und Kauf des Bildmaterials akzeptieren.&quot;,&quot;created_timestamp&quot;:&quot;1490572800&quot;,&quot;copyright&quot;:&quot;Michael Liebert&quot;,&quot;focal_length&quot;:&quot;0&quot;,&quot;iso&quot;:&quot;0&quot;,&quot;shutter_speed&quot;:&quot;0&quot;,&quot;title&quot;:&quot;Friedrich Liechtenstein German Artist&quot;,&quot;orientation&quot;:&quot;1&quot;}\" data-image-title=\"Friedrich Liechtenstein German Artist\" data-image-description=\"\" data-image-caption=\"&lt;p&gt;Abdruck unter Angabe des Fotocredits. Die Verwendung f\u00fcr Verkaufswaren laut Vereinbarung. Die Werbung f\u00fcr Dritte ist honorarpflichtig und bedarf der vorherigen ausdr\u00fccklichen Zustimmung von Michael Liebert. Beachten Sie bitte die Allgemeinen Gesch\u00e4ftsbedingungen, die Sie mit dem Download und Kauf des Bildmaterials akzeptieren.&lt;\/p&gt;\n\" data-medium-file=\"https:\/\/blog.michaelliebert.com\/wp-content\/uploads\/2022\/11\/friedrich-liechtenstein_2017cmichael-liebert-300x200.jpg\" data-large-file=\"https:\/\/blog.michaelliebert.com\/wp-content\/uploads\/2022\/11\/friedrich-liechtenstein_2017cmichael-liebert-1024x683.jpg\" loading=\"lazy\" width=\"1024\" height=\"683\" src=\"https:\/\/blog.michaelliebert.com\/wp-content\/uploads\/2022\/11\/friedrich-liechtenstein_2017cmichael-liebert-1024x683.jpg\" alt=\"\" class=\"wp-image-2925\" srcset=\"https:\/\/blog.michaelliebert.com\/wp-content\/uploads\/2022\/11\/friedrich-liechtenstein_2017cmichael-liebert-1024x683.jpg 1024w, https:\/\/blog.michaelliebert.com\/wp-content\/uploads\/2022\/11\/friedrich-liechtenstein_2017cmichael-liebert-300x200.jpg 300w, https:\/\/blog.michaelliebert.com\/wp-content\/uploads\/2022\/11\/friedrich-liechtenstein_2017cmichael-liebert-768x512.jpg 768w, https:\/\/blog.michaelliebert.com\/wp-content\/uploads\/2022\/11\/friedrich-liechtenstein_2017cmichael-liebert-624x416.jpg 624w, https:\/\/blog.michaelliebert.com\/wp-content\/uploads\/2022\/11\/friedrich-liechtenstein_2017cmichael-liebert.jpg 1200w\" sizes=\"(max-width: 1024px) 100vw, 1024px\" \/><figcaption>Friedrich Liechtenstein<\/figcaption><\/figure>\n\n\n\n<div style=\"height:50px\" aria-hidden=\"true\" class=\"wp-block-spacer\"><\/div>\n\n\n\n<figure class=\"wp-block-image size-large\"><a href=\"https:\/\/diezukunft.at\/gutes-aussehen-macht-dich-nicht-zur-persoenlichkeit-von-michael-liebert-und-hemma-prainsack\/\" target=\"_blank\" rel=\"noreferrer noopener\"><img data-attachment-id=\"2934\" data-permalink=\"https:\/\/blog.michaelliebert.com\/?attachment_id=2934\" data-orig-file=\"https:\/\/blog.michaelliebert.com\/wp-content\/uploads\/2022\/11\/Ansicht_ZUKUNFT_08_2022-16.jpg\" data-orig-size=\"2500,1667\" data-comments-opened=\"1\" data-image-meta=\"{&quot;aperture&quot;:&quot;0&quot;,&quot;credit&quot;:&quot;&quot;,&quot;camera&quot;:&quot;&quot;,&quot;caption&quot;:&quot;&quot;,&quot;created_timestamp&quot;:&quot;0&quot;,&quot;copyright&quot;:&quot;&quot;,&quot;focal_length&quot;:&quot;0&quot;,&quot;iso&quot;:&quot;0&quot;,&quot;shutter_speed&quot;:&quot;0&quot;,&quot;title&quot;:&quot;&quot;,&quot;orientation&quot;:&quot;1&quot;}\" data-image-title=\"Ansicht_ZUKUNFT_08_2022-16\" data-image-description=\"\" data-image-caption=\"\" data-medium-file=\"https:\/\/blog.michaelliebert.com\/wp-content\/uploads\/2022\/11\/Ansicht_ZUKUNFT_08_2022-16-300x200.jpg\" data-large-file=\"https:\/\/blog.michaelliebert.com\/wp-content\/uploads\/2022\/11\/Ansicht_ZUKUNFT_08_2022-16-1024x683.jpg\" loading=\"lazy\" width=\"1024\" height=\"683\" src=\"https:\/\/blog.michaelliebert.com\/wp-content\/uploads\/2022\/11\/Ansicht_ZUKUNFT_08_2022-16-1024x683.jpg\" alt=\"\" class=\"wp-image-2934\" srcset=\"https:\/\/blog.michaelliebert.com\/wp-content\/uploads\/2022\/11\/Ansicht_ZUKUNFT_08_2022-16-1024x683.jpg 1024w, https:\/\/blog.michaelliebert.com\/wp-content\/uploads\/2022\/11\/Ansicht_ZUKUNFT_08_2022-16-300x200.jpg 300w, https:\/\/blog.michaelliebert.com\/wp-content\/uploads\/2022\/11\/Ansicht_ZUKUNFT_08_2022-16-768x512.jpg 768w, https:\/\/blog.michaelliebert.com\/wp-content\/uploads\/2022\/11\/Ansicht_ZUKUNFT_08_2022-16-1536x1024.jpg 1536w, https:\/\/blog.michaelliebert.com\/wp-content\/uploads\/2022\/11\/Ansicht_ZUKUNFT_08_2022-16-2048x1366.jpg 2048w, https:\/\/blog.michaelliebert.com\/wp-content\/uploads\/2022\/11\/Ansicht_ZUKUNFT_08_2022-16-624x416.jpg 624w\" sizes=\"(max-width: 1024px) 100vw, 1024px\" \/><\/a><figcaption>Zukunft Magazin<\/figcaption><\/figure>\n\n\n\n<div class=\"wp-container-2 wp-block-columns\">\n<div class=\"wp-container-1 wp-block-column is-vertically-aligned-top\" style=\"flex-basis:100%\">\n<p>Das gesamte Interview ist unter dem folgenden Link zu finden: <strong><a href=\"https:\/\/diezukunft.at\/gutes-aussehen-macht-dich-nicht-zur-persoenlichkeit-von-michael-liebert-und-hemma-prainsack\/\" target=\"_blank\" rel=\"noopener\">Das Zukunft Magazin<\/a><\/strong><\/p>\n<\/div>\n<\/div>\n\n\n\n<div style=\"height:100px\" aria-hidden=\"true\" class=\"wp-block-spacer\"><\/div>\n","protected":false},"excerpt":{"rendered":"<p>MICHAEL LIEBERT wurde bekannt durch seine unverkennbaren Landschafts- und Portr\u00e4tfotografien, zahlreichen Ausstellungen und Auszeichnungen. Der geborene Wiener lebt und arbeitet seit Jahrzehnten in Nieder\u00f6sterreich, wo er die Ruhe und die Natur sch\u00e4tzen gelernt hat. Im Interview mit ZUKUNFT Redakteurin HEMMA M. PRAINSACK erz\u00e4hlt er u\u0308ber seine Projekte, Aufgabenbereiche und seine Arbeit mit dem Zufall.<\/p>\n","protected":false},"author":2,"featured_media":2920,"comment_status":"closed","ping_status":"closed","sticky":false,"template":"","format":"standard","meta":{"jetpack_post_was_ever_published":false,"jetpack_publicize_message":"","jetpack_is_tweetstorm":false,"jetpack_publicize_feature_enabled":true,"jetpack_social_post_already_shared":true,"jetpack_social_options":{"image_generator_settings":{"template":"highway","enabled":false}}},"categories":[7],"tags":[37,51,10,43,17,70,279],"jetpack_publicize_connections":[],"jetpack_featured_media_url":"https:\/\/blog.michaelliebert.com\/wp-content\/uploads\/2022\/11\/ZUKUNFTcmichael-liebert-scaled.jpg","jetpack_sharing_enabled":true,"jetpack_shortlink":"https:\/\/wp.me\/p2IZn7-KU","_links":{"self":[{"href":"https:\/\/blog.michaelliebert.com\/index.php?rest_route=\/wp\/v2\/posts\/2908"}],"collection":[{"href":"https:\/\/blog.michaelliebert.com\/index.php?rest_route=\/wp\/v2\/posts"}],"about":[{"href":"https:\/\/blog.michaelliebert.com\/index.php?rest_route=\/wp\/v2\/types\/post"}],"author":[{"embeddable":true,"href":"https:\/\/blog.michaelliebert.com\/index.php?rest_route=\/wp\/v2\/users\/2"}],"replies":[{"embeddable":true,"href":"https:\/\/blog.michaelliebert.com\/index.php?rest_route=%2Fwp%2Fv2%2Fcomments&post=2908"}],"version-history":[{"count":25,"href":"https:\/\/blog.michaelliebert.com\/index.php?rest_route=\/wp\/v2\/posts\/2908\/revisions"}],"predecessor-version":[{"id":2941,"href":"https:\/\/blog.michaelliebert.com\/index.php?rest_route=\/wp\/v2\/posts\/2908\/revisions\/2941"}],"wp:featuredmedia":[{"embeddable":true,"href":"https:\/\/blog.michaelliebert.com\/index.php?rest_route=\/wp\/v2\/media\/2920"}],"wp:attachment":[{"href":"https:\/\/blog.michaelliebert.com\/index.php?rest_route=%2Fwp%2Fv2%2Fmedia&parent=2908"}],"wp:term":[{"taxonomy":"category","embeddable":true,"href":"https:\/\/blog.michaelliebert.com\/index.php?rest_route=%2Fwp%2Fv2%2Fcategories&post=2908"},{"taxonomy":"post_tag","embeddable":true,"href":"https:\/\/blog.michaelliebert.com\/index.php?rest_route=%2Fwp%2Fv2%2Ftags&post=2908"}],"curies":[{"name":"wp","href":"https:\/\/api.w.org\/{rel}","templated":true}]}}