{"id":2784,"date":"2022-06-22T10:37:50","date_gmt":"2022-06-22T08:37:50","guid":{"rendered":"http:\/\/blog.michaelliebert.com\/?p=2784"},"modified":"2022-09-15T16:18:05","modified_gmt":"2022-09-15T14:18:05","slug":"fotoshooting-des-harreither-powerteams","status":"publish","type":"post","link":"https:\/\/blog.michaelliebert.com\/?p=2784","title":{"rendered":"Fotoshooting des Harreither Powerteams"},"content":{"rendered":"\n<p>Einmal im Jahr treffen sich alle Athleten und Experten aus dem Sport, welche HARREITHER in der \u00d6ffentlichkeit ganzj\u00e4hrig pr\u00e4sentieren. <sup>1<\/sup><\/p>\n\n\n\n<!--more-->\n\n\n\n<figure class=\"wp-block-image size-large\"><img data-attachment-id=\"2788\" data-permalink=\"https:\/\/blog.michaelliebert.com\/?attachment_id=2788\" data-orig-file=\"https:\/\/blog.michaelliebert.com\/wp-content\/uploads\/2022\/06\/Foto-06.05.22-12-55-00-scaled.jpg\" data-orig-size=\"2560,1920\" data-comments-opened=\"1\" data-image-meta=\"{&quot;aperture&quot;:&quot;1.8&quot;,&quot;credit&quot;:&quot;&quot;,&quot;camera&quot;:&quot;iPhone X&quot;,&quot;caption&quot;:&quot;&quot;,&quot;created_timestamp&quot;:&quot;1651841700&quot;,&quot;copyright&quot;:&quot;&quot;,&quot;focal_length&quot;:&quot;4&quot;,&quot;iso&quot;:&quot;125&quot;,&quot;shutter_speed&quot;:&quot;0.01&quot;,&quot;title&quot;:&quot;&quot;,&quot;orientation&quot;:&quot;0&quot;}\" data-image-title=\"Foto 06.05.22, 12 55 00\" data-image-description=\"\" data-image-caption=\"\" data-medium-file=\"https:\/\/blog.michaelliebert.com\/wp-content\/uploads\/2022\/06\/Foto-06.05.22-12-55-00-300x225.jpg\" data-large-file=\"https:\/\/blog.michaelliebert.com\/wp-content\/uploads\/2022\/06\/Foto-06.05.22-12-55-00-1024x768.jpg\" loading=\"lazy\" width=\"1024\" height=\"768\" src=\"http:\/\/blog.michaelliebert.com\/wp-content\/uploads\/2022\/06\/Foto-06.05.22-12-55-00-1024x768.jpg\" alt=\"\" class=\"wp-image-2788\" srcset=\"https:\/\/blog.michaelliebert.com\/wp-content\/uploads\/2022\/06\/Foto-06.05.22-12-55-00-1024x768.jpg 1024w, https:\/\/blog.michaelliebert.com\/wp-content\/uploads\/2022\/06\/Foto-06.05.22-12-55-00-300x225.jpg 300w, https:\/\/blog.michaelliebert.com\/wp-content\/uploads\/2022\/06\/Foto-06.05.22-12-55-00-768x576.jpg 768w, https:\/\/blog.michaelliebert.com\/wp-content\/uploads\/2022\/06\/Foto-06.05.22-12-55-00-1536x1152.jpg 1536w, https:\/\/blog.michaelliebert.com\/wp-content\/uploads\/2022\/06\/Foto-06.05.22-12-55-00-2048x1536.jpg 2048w, https:\/\/blog.michaelliebert.com\/wp-content\/uploads\/2022\/06\/Foto-06.05.22-12-55-00-624x468.jpg 624w\" sizes=\"(max-width: 1024px) 100vw, 1024px\" \/><\/figure>\n\n\n\n<p><\/p>\n\n\n\n<p>In diesem Rahmen vermittelte Dr. Raimund Harreither MBA einmal mehr, dass es heutzutage nicht ausreicht, einfach &#8222;das Logo am Helm&#8220; zu tragen. &#8222;Viel mehr geht es darum&nbsp;zu wissen, was meinen G\u00f6nner \u00fcberhaupt einzigartig macht und welche Philosophie er lebt. Erst dann k\u00f6nnen die richtigen Botschaften nach au\u00dfen getragen werden und der Sportler wird zum Multiplikator&#8220;, pr\u00e4zisiert der Unternehmensgr\u00fcnder. <sup>2<\/sup><\/p>\n\n\n\n<figure class=\"wp-block-image size-large\"><img data-attachment-id=\"2791\" data-permalink=\"https:\/\/blog.michaelliebert.com\/?attachment_id=2791\" data-orig-file=\"https:\/\/blog.michaelliebert.com\/wp-content\/uploads\/2022\/06\/2LI9334cmichael-liebert-scaled.jpg\" data-orig-size=\"2560,1706\" data-comments-opened=\"1\" data-image-meta=\"{&quot;aperture&quot;:&quot;11&quot;,&quot;credit&quot;:&quot;Michael Liebert&quot;,&quot;camera&quot;:&quot;Canon EOS 5D Mark III&quot;,&quot;caption&quot;:&quot;Abdruck unter Angabe des Fotocredits. Die Verwendung f\\u00fcr Verkaufswaren laut Vereinbarung. Die Werbung f\\u00fcr Dritte ist honorarpflichtig und bedarf der vorherigen ausdr\\u00fccklichen Zustimmung von Michael Liebert. Beachten Sie bitte die Allgemeinen Gesch\\u00e4ftsbedingungen, die Sie mit dem Download und Kauf des Bildmaterials akzeptieren.&quot;,&quot;created_timestamp&quot;:&quot;1651844163&quot;,&quot;copyright&quot;:&quot;Michael Liebert&quot;,&quot;focal_length&quot;:&quot;50&quot;,&quot;iso&quot;:&quot;125&quot;,&quot;shutter_speed&quot;:&quot;0.008&quot;,&quot;title&quot;:&quot;&quot;,&quot;orientation&quot;:&quot;1&quot;}\" data-image-title=\"_2LI9334(c)michael liebert\" data-image-description=\"\" data-image-caption=\"&lt;p&gt;Abdruck unter Angabe des Fotocredits. Die Verwendung f\u00fcr Verkaufswaren laut Vereinbarung. Die Werbung f\u00fcr Dritte ist honorarpflichtig und bedarf der vorherigen ausdr\u00fccklichen Zustimmung von Michael Liebert. Beachten Sie bitte die Allgemeinen Gesch\u00e4ftsbedingungen, die Sie mit dem Download und Kauf des Bildmaterials akzeptieren.&lt;\/p&gt;\n\" data-medium-file=\"https:\/\/blog.michaelliebert.com\/wp-content\/uploads\/2022\/06\/2LI9334cmichael-liebert-300x200.jpg\" data-large-file=\"https:\/\/blog.michaelliebert.com\/wp-content\/uploads\/2022\/06\/2LI9334cmichael-liebert-1024x683.jpg\" loading=\"lazy\" width=\"1024\" height=\"683\" src=\"http:\/\/blog.michaelliebert.com\/wp-content\/uploads\/2022\/06\/2LI9334cmichael-liebert-1024x683.jpg\" alt=\"\" class=\"wp-image-2791\" srcset=\"https:\/\/blog.michaelliebert.com\/wp-content\/uploads\/2022\/06\/2LI9334cmichael-liebert-1024x683.jpg 1024w, https:\/\/blog.michaelliebert.com\/wp-content\/uploads\/2022\/06\/2LI9334cmichael-liebert-300x200.jpg 300w, https:\/\/blog.michaelliebert.com\/wp-content\/uploads\/2022\/06\/2LI9334cmichael-liebert-768x512.jpg 768w, https:\/\/blog.michaelliebert.com\/wp-content\/uploads\/2022\/06\/2LI9334cmichael-liebert-1536x1024.jpg 1536w, https:\/\/blog.michaelliebert.com\/wp-content\/uploads\/2022\/06\/2LI9334cmichael-liebert-2048x1365.jpg 2048w, https:\/\/blog.michaelliebert.com\/wp-content\/uploads\/2022\/06\/2LI9334cmichael-liebert-624x416.jpg 624w\" sizes=\"(max-width: 1024px) 100vw, 1024px\" \/><\/figure>\n\n\n\n<p>Neben den langj\u00e4hrigen Gr\u00f6\u00dfen wie Thomas Sykora (ORF-Experte), Ivona Dadic (Leichtathletik), Martin Fritz, Lukas Greiderer (beide Nordische Kombi), Marc Digruber (Ski Alpin) und&nbsp;Peter St\u00f6ger (Fu\u00dfball)&nbsp;wurden auch die zwei j\u00fcngsten Mitglieder im Team begr\u00fc\u00dft: Rosaly Stollberger (15, Biathlon) und Elina Stary (15, Ski Alpin\/Behindertensport). <sup>3<\/sup><\/p>\n\n\n\n<figure class=\"wp-block-image size-large\"><img data-attachment-id=\"2789\" data-permalink=\"https:\/\/blog.michaelliebert.com\/?attachment_id=2789\" data-orig-file=\"https:\/\/blog.michaelliebert.com\/wp-content\/uploads\/2022\/06\/harreither22_113008cmichael-liebert-scaled.jpg\" data-orig-size=\"1920,2560\" data-comments-opened=\"1\" data-image-meta=\"{&quot;aperture&quot;:&quot;11&quot;,&quot;credit&quot;:&quot;Michael Liebert&quot;,&quot;camera&quot;:&quot;GFX 50R&quot;,&quot;caption&quot;:&quot;Abdruck unter Angabe des Fotocredits. Die Verwendung f\\u00fcr Verkaufswaren laut Vereinbarung. Die Werbung f\\u00fcr Dritte ist honorarpflichtig und bedarf der vorherigen ausdr\\u00fccklichen Zustimmung von Michael Liebert. Beachten Sie bitte die Allgemeinen Gesch\\u00e4ftsbedingungen, die Sie mit dem Download und Kauf des Bildmaterials akzeptieren.&quot;,&quot;created_timestamp&quot;:&quot;1651853401&quot;,&quot;copyright&quot;:&quot;Michael Liebert&quot;,&quot;focal_length&quot;:&quot;63&quot;,&quot;iso&quot;:&quot;125&quot;,&quot;shutter_speed&quot;:&quot;0.008&quot;,&quot;title&quot;:&quot;&quot;,&quot;orientation&quot;:&quot;1&quot;}\" data-image-title=\"harreither22_113008(c)michael liebert\" data-image-description=\"\" data-image-caption=\"&lt;p&gt;Abdruck unter Angabe des Fotocredits. Die Verwendung f\u00fcr Verkaufswaren laut Vereinbarung. Die Werbung f\u00fcr Dritte ist honorarpflichtig und bedarf der vorherigen ausdr\u00fccklichen Zustimmung von Michael Liebert. Beachten Sie bitte die Allgemeinen Gesch\u00e4ftsbedingungen, die Sie mit dem Download und Kauf des Bildmaterials akzeptieren.&lt;\/p&gt;\n\" data-medium-file=\"https:\/\/blog.michaelliebert.com\/wp-content\/uploads\/2022\/06\/harreither22_113008cmichael-liebert-225x300.jpg\" data-large-file=\"https:\/\/blog.michaelliebert.com\/wp-content\/uploads\/2022\/06\/harreither22_113008cmichael-liebert-768x1024.jpg\" loading=\"lazy\" width=\"768\" height=\"1024\" src=\"http:\/\/blog.michaelliebert.com\/wp-content\/uploads\/2022\/06\/harreither22_113008cmichael-liebert-768x1024.jpg\" alt=\"\" class=\"wp-image-2789\" srcset=\"https:\/\/blog.michaelliebert.com\/wp-content\/uploads\/2022\/06\/harreither22_113008cmichael-liebert-768x1024.jpg 768w, https:\/\/blog.michaelliebert.com\/wp-content\/uploads\/2022\/06\/harreither22_113008cmichael-liebert-225x300.jpg 225w, https:\/\/blog.michaelliebert.com\/wp-content\/uploads\/2022\/06\/harreither22_113008cmichael-liebert-1152x1536.jpg 1152w, https:\/\/blog.michaelliebert.com\/wp-content\/uploads\/2022\/06\/harreither22_113008cmichael-liebert-1536x2048.jpg 1536w, https:\/\/blog.michaelliebert.com\/wp-content\/uploads\/2022\/06\/harreither22_113008cmichael-liebert-624x832.jpg 624w, https:\/\/blog.michaelliebert.com\/wp-content\/uploads\/2022\/06\/harreither22_113008cmichael-liebert-scaled.jpg 1920w\" sizes=\"(max-width: 768px) 100vw, 768px\" \/><\/figure>\n\n\n\n<figure class=\"wp-block-image size-large\"><img data-attachment-id=\"2787\" data-permalink=\"https:\/\/blog.michaelliebert.com\/?attachment_id=2787\" data-orig-file=\"https:\/\/blog.michaelliebert.com\/wp-content\/uploads\/2022\/06\/1099f19f-d0ce-4b5c-8cc8-ed51da3221e1.jpg\" data-orig-size=\"1600,1200\" data-comments-opened=\"1\" data-image-meta=\"{&quot;aperture&quot;:&quot;0&quot;,&quot;credit&quot;:&quot;&quot;,&quot;camera&quot;:&quot;Jpeg File&quot;,&quot;caption&quot;:&quot;&quot;,&quot;created_timestamp&quot;:&quot;0&quot;,&quot;copyright&quot;:&quot;&quot;,&quot;focal_length&quot;:&quot;0&quot;,&quot;iso&quot;:&quot;0&quot;,&quot;shutter_speed&quot;:&quot;0&quot;,&quot;title&quot;:&quot;&quot;,&quot;orientation&quot;:&quot;0&quot;}\" data-image-title=\"1099f19f-d0ce-4b5c-8cc8-ed51da3221e1\" data-image-description=\"\" data-image-caption=\"\" data-medium-file=\"https:\/\/blog.michaelliebert.com\/wp-content\/uploads\/2022\/06\/1099f19f-d0ce-4b5c-8cc8-ed51da3221e1-300x225.jpg\" data-large-file=\"https:\/\/blog.michaelliebert.com\/wp-content\/uploads\/2022\/06\/1099f19f-d0ce-4b5c-8cc8-ed51da3221e1-1024x768.jpg\" loading=\"lazy\" width=\"1024\" height=\"768\" src=\"http:\/\/blog.michaelliebert.com\/wp-content\/uploads\/2022\/06\/1099f19f-d0ce-4b5c-8cc8-ed51da3221e1-1024x768.jpg\" alt=\"\" class=\"wp-image-2787\" srcset=\"https:\/\/blog.michaelliebert.com\/wp-content\/uploads\/2022\/06\/1099f19f-d0ce-4b5c-8cc8-ed51da3221e1-1024x768.jpg 1024w, https:\/\/blog.michaelliebert.com\/wp-content\/uploads\/2022\/06\/1099f19f-d0ce-4b5c-8cc8-ed51da3221e1-300x225.jpg 300w, https:\/\/blog.michaelliebert.com\/wp-content\/uploads\/2022\/06\/1099f19f-d0ce-4b5c-8cc8-ed51da3221e1-768x576.jpg 768w, https:\/\/blog.michaelliebert.com\/wp-content\/uploads\/2022\/06\/1099f19f-d0ce-4b5c-8cc8-ed51da3221e1-1536x1152.jpg 1536w, https:\/\/blog.michaelliebert.com\/wp-content\/uploads\/2022\/06\/1099f19f-d0ce-4b5c-8cc8-ed51da3221e1-624x468.jpg 624w, https:\/\/blog.michaelliebert.com\/wp-content\/uploads\/2022\/06\/1099f19f-d0ce-4b5c-8cc8-ed51da3221e1.jpg 1600w\" sizes=\"(max-width: 1024px) 100vw, 1024px\" \/><\/figure>\n\n\n\n<p><sup>1, 2, 3,<\/sup> Website der Harreither GmbH, <a rel=\"noreferrer noopener\" href=\"https:\/\/www.harreither.com\/DE\/\" target=\"_blank\">https:\/\/www.harreither.com\/DE\/<\/a><\/p>\n\n\n\n<p><\/p>\n\n\n\n<p>Kunde:&nbsp;<a href=\"https:\/\/www.harreither.com\/DE\/\" data-type=\"URL\" data-id=\"https:\/\/www.harreither.com\/DE\/\" target=\"_blank\" rel=\"noreferrer noopener\">Harreither GmbH<\/a><br>Produktionsleitung: Stefan Nestl<br>Fotografie: Michael Liebert<br>Fotoassistent: Lukas Aigelsreither<br>Bildbearbeitung: Michael Liebert<br>Make up Artist:&nbsp;<a rel=\"noreferrer noopener\" target=\"_blank\" href=\"https:\/\/www.makeupandhair.at\/\">Ursula Grimm<\/a><\/p>\n","protected":false},"excerpt":{"rendered":"<p>Einmal im Jahr treffen sich alle Athleten und Experten aus dem Sport, welche HARREITHER in der \u00d6ffentlichkeit ganzj\u00e4hrig pr\u00e4sentieren. 1<\/p>\n","protected":false},"author":2,"featured_media":2786,"comment_status":"closed","ping_status":"closed","sticky":false,"template":"","format":"standard","meta":{"jetpack_post_was_ever_published":false,"jetpack_publicize_message":"","jetpack_is_tweetstorm":false,"jetpack_publicize_feature_enabled":true,"jetpack_social_post_already_shared":true,"jetpack_social_options":{"image_generator_settings":{"template":"highway","enabled":false}}},"categories":[7],"tags":[37,275,268,167,10,43,269,272,274,273,270,271],"jetpack_publicize_connections":[],"jetpack_featured_media_url":"https:\/\/blog.michaelliebert.com\/wp-content\/uploads\/2022\/06\/2LI9144cmichael-liebert-scaled.jpg","jetpack_sharing_enabled":true,"jetpack_shortlink":"https:\/\/wp.me\/p2IZn7-IU","_links":{"self":[{"href":"https:\/\/blog.michaelliebert.com\/index.php?rest_route=\/wp\/v2\/posts\/2784"}],"collection":[{"href":"https:\/\/blog.michaelliebert.com\/index.php?rest_route=\/wp\/v2\/posts"}],"about":[{"href":"https:\/\/blog.michaelliebert.com\/index.php?rest_route=\/wp\/v2\/types\/post"}],"author":[{"embeddable":true,"href":"https:\/\/blog.michaelliebert.com\/index.php?rest_route=\/wp\/v2\/users\/2"}],"replies":[{"embeddable":true,"href":"https:\/\/blog.michaelliebert.com\/index.php?rest_route=%2Fwp%2Fv2%2Fcomments&post=2784"}],"version-history":[{"count":14,"href":"https:\/\/blog.michaelliebert.com\/index.php?rest_route=\/wp\/v2\/posts\/2784\/revisions"}],"predecessor-version":[{"id":2851,"href":"https:\/\/blog.michaelliebert.com\/index.php?rest_route=\/wp\/v2\/posts\/2784\/revisions\/2851"}],"wp:featuredmedia":[{"embeddable":true,"href":"https:\/\/blog.michaelliebert.com\/index.php?rest_route=\/wp\/v2\/media\/2786"}],"wp:attachment":[{"href":"https:\/\/blog.michaelliebert.com\/index.php?rest_route=%2Fwp%2Fv2%2Fmedia&parent=2784"}],"wp:term":[{"taxonomy":"category","embeddable":true,"href":"https:\/\/blog.michaelliebert.com\/index.php?rest_route=%2Fwp%2Fv2%2Fcategories&post=2784"},{"taxonomy":"post_tag","embeddable":true,"href":"https:\/\/blog.michaelliebert.com\/index.php?rest_route=%2Fwp%2Fv2%2Ftags&post=2784"}],"curies":[{"name":"wp","href":"https:\/\/api.w.org\/{rel}","templated":true}]}}