{"id":2736,"date":"2022-05-22T20:46:57","date_gmt":"2022-05-22T18:46:57","guid":{"rendered":"http:\/\/blog.michaelliebert.com\/?p=2736"},"modified":"2022-05-22T20:47:00","modified_gmt":"2022-05-22T18:47:00","slug":"creativ-club-austria-auszeichnung-fuer-michael-liebert-in-der-kategorie-fotografie","status":"publish","type":"post","link":"https:\/\/blog.michaelliebert.com\/?p=2736","title":{"rendered":"creativ club austria AUSZEICHNUNG f\u00fcr Michael Liebert in der Kategorie Fotografie"},"content":{"rendered":"\n<p>Zum wiederholten Male konnte sich der Nieder\u00f6sterreichische Werbefotograf Michael Liebert eine Auszeichnung des creativ clubs austria \u2013 den wichtigsten Kreativpreis des Landes \u2013 sichern. Er zog ins Finale des CCA-Bewerbs ein und erhielt somit einen fixen Eintrag in das CCA-Jahrbuch \u2013 dem gedruckten Zeitzeugen f\u00fcr beste Kreativarbeit. <\/p>\n\n\n\n<p>Die Auszeichnung bekam Liebert f\u00fcr sein Fotoprojekt \u201eOPEN YOUR EYES\u201c. Die Fragestellung \u201eWas siehst du?\u201c soll eine Anregung f\u00fcr die eigene Kreativit\u00e4t des Betrachters sein und schlie\u00dflich zeigen, worin die Profession des Fotografens liegt. <\/p>\n\n\n\n<figure class=\"wp-block-pullquote is-style-default\" style=\"border-color:#000000\"><blockquote class=\"has-text-color has-black-color\"><p>\u201e<strong><em>Durch meine Neugier und Offenheit f\u00fcr<\/em><\/strong> <strong><em>kreative Konzepte, arbeite ich sehr gerne mit Werbeagenturen,<\/em><\/strong> <strong><em>Creative- &amp; Art Direktoren zusammen<\/em><\/strong>.\u201c<\/p><cite>Michael Liebert<\/cite><\/blockquote><\/figure>\n\n\n\n<p><a href=\"https:\/\/creativclub.at\/submission\/michael-liebert-open-your-eyes\/\" target=\"_blank\" rel=\"noreferrer noopener\">Michael Liebert &#8211; OPEN YOUR EYES<\/a><\/p>\n","protected":false},"excerpt":{"rendered":"<p>Zum wiederholten Male konnte sich der Nieder\u00f6sterreichische Werbefotograf Michael Liebert eine Auszeichnung des creativ clubs austria \u2013 den wichtigsten Kreativpreis des Landes \u2013 sichern. Er zog ins Finale des CCA-Bewerbs ein und erhielt somit einen fixen Eintrag in das CCA-Jahrbuch \u2013 dem gedruckten Zeitzeugen f\u00fcr beste Kreativarbeit. Die Auszeichnung bekam Liebert f\u00fcr sein Fotoprojekt \u201eOPEN [&hellip;]<\/p>\n","protected":false},"author":2,"featured_media":2738,"comment_status":"open","ping_status":"open","sticky":false,"template":"","format":"standard","meta":{"jetpack_post_was_ever_published":false,"jetpack_publicize_message":"","jetpack_is_tweetstorm":false,"jetpack_publicize_feature_enabled":true,"jetpack_social_post_already_shared":true,"jetpack_social_options":{"image_generator_settings":{"template":"highway","enabled":false}}},"categories":[1,7],"tags":[128,129,127,132,37,263,62,264,262,10,43,154],"jetpack_publicize_connections":[],"jetpack_featured_media_url":"https:\/\/blog.michaelliebert.com\/wp-content\/uploads\/2022\/05\/LIE6125cmichael-liebert-scaled.jpg","jetpack_sharing_enabled":true,"jetpack_shortlink":"https:\/\/wp.me\/p2IZn7-I8","_links":{"self":[{"href":"https:\/\/blog.michaelliebert.com\/index.php?rest_route=\/wp\/v2\/posts\/2736"}],"collection":[{"href":"https:\/\/blog.michaelliebert.com\/index.php?rest_route=\/wp\/v2\/posts"}],"about":[{"href":"https:\/\/blog.michaelliebert.com\/index.php?rest_route=\/wp\/v2\/types\/post"}],"author":[{"embeddable":true,"href":"https:\/\/blog.michaelliebert.com\/index.php?rest_route=\/wp\/v2\/users\/2"}],"replies":[{"embeddable":true,"href":"https:\/\/blog.michaelliebert.com\/index.php?rest_route=%2Fwp%2Fv2%2Fcomments&post=2736"}],"version-history":[{"count":13,"href":"https:\/\/blog.michaelliebert.com\/index.php?rest_route=\/wp\/v2\/posts\/2736\/revisions"}],"predecessor-version":[{"id":2750,"href":"https:\/\/blog.michaelliebert.com\/index.php?rest_route=\/wp\/v2\/posts\/2736\/revisions\/2750"}],"wp:featuredmedia":[{"embeddable":true,"href":"https:\/\/blog.michaelliebert.com\/index.php?rest_route=\/wp\/v2\/media\/2738"}],"wp:attachment":[{"href":"https:\/\/blog.michaelliebert.com\/index.php?rest_route=%2Fwp%2Fv2%2Fmedia&parent=2736"}],"wp:term":[{"taxonomy":"category","embeddable":true,"href":"https:\/\/blog.michaelliebert.com\/index.php?rest_route=%2Fwp%2Fv2%2Fcategories&post=2736"},{"taxonomy":"post_tag","embeddable":true,"href":"https:\/\/blog.michaelliebert.com\/index.php?rest_route=%2Fwp%2Fv2%2Ftags&post=2736"}],"curies":[{"name":"wp","href":"https:\/\/api.w.org\/{rel}","templated":true}]}}