{"id":2689,"date":"2022-08-18T12:35:12","date_gmt":"2022-08-18T10:35:12","guid":{"rendered":"http:\/\/blog.michaelliebert.com\/?p=2689"},"modified":"2022-09-14T12:07:43","modified_gmt":"2022-09-14T10:07:43","slug":"100-jahre-niederoesterreich","status":"publish","type":"post","link":"https:\/\/blog.michaelliebert.com\/?p=2689","title":{"rendered":"100 Jahre Nieder\u00f6sterreich"},"content":{"rendered":"\n<p>Im Jahr 1922 sagte sich Nieder\u00f6sterreich als eigenes Bundesland von Wien los und begann seinen Erfolgsweg als Land der vier Vierteln. Ein Land mit langer Geschichte, die freilich nicht erst vor 100 Jahren begann. Auf 100 Seiten beleuchtet die auflagenst\u00e4rkste Zeitung \u00d6sterreichs, die bewegte Vergangenheit des weiten Landes. Es zeigt die blau-gelbe Gegenwart und wagt Ausblicke auf die Zukunft zwischen Enns und Leitha.<\/p>\n\n\n\n<!--more-->\n\n\n\n<figure class=\"wp-block-image size-large\"><img data-attachment-id=\"2671\" data-permalink=\"https:\/\/blog.michaelliebert.com\/?attachment_id=2671\" data-orig-file=\"https:\/\/blog.michaelliebert.com\/wp-content\/uploads\/2022\/04\/N6RFPMHmx6cN7phcEdFrVcpjv0kbk98jHJbNTuHd.jpg\" data-orig-size=\"1200,800\" data-comments-opened=\"1\" data-image-meta=\"{&quot;aperture&quot;:&quot;0&quot;,&quot;credit&quot;:&quot;&quot;,&quot;camera&quot;:&quot;&quot;,&quot;caption&quot;:&quot;&quot;,&quot;created_timestamp&quot;:&quot;0&quot;,&quot;copyright&quot;:&quot;&quot;,&quot;focal_length&quot;:&quot;0&quot;,&quot;iso&quot;:&quot;0&quot;,&quot;shutter_speed&quot;:&quot;0&quot;,&quot;title&quot;:&quot;&quot;,&quot;orientation&quot;:&quot;0&quot;}\" data-image-title=\"N6RFPMHmx6cN7phcEdFrVcpjv0kbk98jHJbNTuHd\" data-image-description=\"\" data-image-caption=\"\" data-medium-file=\"https:\/\/blog.michaelliebert.com\/wp-content\/uploads\/2022\/04\/N6RFPMHmx6cN7phcEdFrVcpjv0kbk98jHJbNTuHd-300x200.jpg\" data-large-file=\"https:\/\/blog.michaelliebert.com\/wp-content\/uploads\/2022\/04\/N6RFPMHmx6cN7phcEdFrVcpjv0kbk98jHJbNTuHd-1024x683.jpg\" loading=\"lazy\" width=\"1024\" height=\"683\" src=\"http:\/\/blog.michaelliebert.com\/wp-content\/uploads\/2022\/04\/N6RFPMHmx6cN7phcEdFrVcpjv0kbk98jHJbNTuHd-1024x683.jpg\" alt=\"\" class=\"wp-image-2671\" srcset=\"https:\/\/blog.michaelliebert.com\/wp-content\/uploads\/2022\/04\/N6RFPMHmx6cN7phcEdFrVcpjv0kbk98jHJbNTuHd-1024x683.jpg 1024w, https:\/\/blog.michaelliebert.com\/wp-content\/uploads\/2022\/04\/N6RFPMHmx6cN7phcEdFrVcpjv0kbk98jHJbNTuHd-300x200.jpg 300w, https:\/\/blog.michaelliebert.com\/wp-content\/uploads\/2022\/04\/N6RFPMHmx6cN7phcEdFrVcpjv0kbk98jHJbNTuHd-768x512.jpg 768w, https:\/\/blog.michaelliebert.com\/wp-content\/uploads\/2022\/04\/N6RFPMHmx6cN7phcEdFrVcpjv0kbk98jHJbNTuHd-624x416.jpg 624w, https:\/\/blog.michaelliebert.com\/wp-content\/uploads\/2022\/04\/N6RFPMHmx6cN7phcEdFrVcpjv0kbk98jHJbNTuHd.jpg 1200w\" sizes=\"(max-width: 1024px) 100vw, 1024px\" \/><figcaption>Foto: Michael Liebert &#8211; Das Krone Magazin &#8222;100 Jahre N\u00d6&#8220;<\/figcaption><\/figure>\n\n\n\n<figure class=\"wp-block-pullquote\"><blockquote><p><strong>Die Landschaftsfotos, die ich schon seit einigen Jahren f\u00fcr das Land Nieder\u00f6sterreich fotografiere, schaffen einen sch\u00f6nen Kontrast zu meinen anderen Fotobereichen.<\/strong><\/p><cite>Fotograf Michael Liebert<\/cite><\/blockquote><\/figure>\n\n\n\n<div style=\"height:100px\" aria-hidden=\"true\" class=\"wp-block-spacer\"><\/div>\n\n\n\n<ul><li>Kunde:&nbsp;Nieder\u00f6sterreich-Werbung GmbH<\/li><li>Fotografie: Michael Liebert<\/li><\/ul>\n\n\n\n<p><\/p>\n","protected":false},"excerpt":{"rendered":"<p>Im Jahr 1922 sagte sich Nieder\u00f6sterreich als eigenes Bundesland von Wien los und begann seinen Erfolgsweg als Land der vier Vierteln. Ein Land mit langer Geschichte, die freilich nicht erst vor 100 Jahren begann. Auf 100 Seiten beleuchtet die auflagenst\u00e4rkste Zeitung \u00d6sterreichs, die bewegte Vergangenheit des weiten Landes. Es zeigt die blau-gelbe Gegenwart und wagt [&hellip;]<\/p>\n","protected":false},"author":2,"featured_media":2673,"comment_status":"closed","ping_status":"closed","sticky":false,"template":"","format":"standard","meta":{"jetpack_post_was_ever_published":false,"jetpack_publicize_message":"","jetpack_is_tweetstorm":false,"jetpack_publicize_feature_enabled":true,"jetpack_social_post_already_shared":true,"jetpack_social_options":{"image_generator_settings":{"template":"highway","enabled":false}}},"categories":[7],"tags":[59,254,106,10,43,58,61,88],"jetpack_publicize_connections":[],"jetpack_featured_media_url":"https:\/\/blog.michaelliebert.com\/wp-content\/uploads\/2022\/04\/LIE1271cmichael_liebert.jpg","jetpack_sharing_enabled":true,"jetpack_shortlink":"https:\/\/wp.me\/p2IZn7-Hn","_links":{"self":[{"href":"https:\/\/blog.michaelliebert.com\/index.php?rest_route=\/wp\/v2\/posts\/2689"}],"collection":[{"href":"https:\/\/blog.michaelliebert.com\/index.php?rest_route=\/wp\/v2\/posts"}],"about":[{"href":"https:\/\/blog.michaelliebert.com\/index.php?rest_route=\/wp\/v2\/types\/post"}],"author":[{"embeddable":true,"href":"https:\/\/blog.michaelliebert.com\/index.php?rest_route=\/wp\/v2\/users\/2"}],"replies":[{"embeddable":true,"href":"https:\/\/blog.michaelliebert.com\/index.php?rest_route=%2Fwp%2Fv2%2Fcomments&post=2689"}],"version-history":[{"count":13,"href":"https:\/\/blog.michaelliebert.com\/index.php?rest_route=\/wp\/v2\/posts\/2689\/revisions"}],"predecessor-version":[{"id":2834,"href":"https:\/\/blog.michaelliebert.com\/index.php?rest_route=\/wp\/v2\/posts\/2689\/revisions\/2834"}],"wp:featuredmedia":[{"embeddable":true,"href":"https:\/\/blog.michaelliebert.com\/index.php?rest_route=\/wp\/v2\/media\/2673"}],"wp:attachment":[{"href":"https:\/\/blog.michaelliebert.com\/index.php?rest_route=%2Fwp%2Fv2%2Fmedia&parent=2689"}],"wp:term":[{"taxonomy":"category","embeddable":true,"href":"https:\/\/blog.michaelliebert.com\/index.php?rest_route=%2Fwp%2Fv2%2Fcategories&post=2689"},{"taxonomy":"post_tag","embeddable":true,"href":"https:\/\/blog.michaelliebert.com\/index.php?rest_route=%2Fwp%2Fv2%2Ftags&post=2689"}],"curies":[{"name":"wp","href":"https:\/\/api.w.org\/{rel}","templated":true}]}}