{"id":2576,"date":"2022-02-16T09:57:12","date_gmt":"2022-02-16T07:57:12","guid":{"rendered":"http:\/\/blog.michaelliebert.com\/?p=2576"},"modified":"2022-04-27T12:52:59","modified_gmt":"2022-04-27T10:52:59","slug":"hallo-tina-schneewittchen-mein-name","status":"publish","type":"post","link":"https:\/\/blog.michaelliebert.com\/?p=2576","title":{"rendered":"Hallo! Tina Schneewittchen mein Name."},"content":{"rendered":"\n<p>Hinter den sieben Bergen (oder davor \u2013 je nach Standpunkt), da werkt an sieben Tagen (zumindest im Kopf) das Schneewittchen. Und es sorgt daf\u00fcr, dass Kund*innen aller Gr\u00f6\u00dfen (also vom \u201eZwerg\u201c bis zum Riesen) vor den Spiegel treten k\u00f6nnen, der zu ihnen sagt: Ihr Schneewittchen-Kund*innen seid nicht nur die sch\u00f6nsten im ganzen Land, sondern auch die zufriedensten!<\/p>\n\n\n\n<!--more-->\n\n\n\n<figure class=\"wp-block-image size-large is-resized is-style-default\"><img data-attachment-id=\"2584\" data-permalink=\"https:\/\/blog.michaelliebert.com\/?attachment_id=2584\" data-orig-file=\"https:\/\/blog.michaelliebert.com\/wp-content\/uploads\/2022\/01\/schneewittchen_weihnachtsaktion10154cmichael-liebert-1-scaled.jpg\" data-orig-size=\"2560,1920\" data-comments-opened=\"1\" data-image-meta=\"{&quot;aperture&quot;:&quot;0&quot;,&quot;credit&quot;:&quot;&quot;,&quot;camera&quot;:&quot;&quot;,&quot;caption&quot;:&quot;&quot;,&quot;created_timestamp&quot;:&quot;0&quot;,&quot;copyright&quot;:&quot;MICHAEL LIEBERT&quot;,&quot;focal_length&quot;:&quot;0&quot;,&quot;iso&quot;:&quot;0&quot;,&quot;shutter_speed&quot;:&quot;0&quot;,&quot;title&quot;:&quot;&quot;,&quot;orientation&quot;:&quot;1&quot;}\" data-image-title=\"schneewittchen_weihnachtsaktion10154(c)michael liebert\" data-image-description=\"\" data-image-caption=\"\" data-medium-file=\"https:\/\/blog.michaelliebert.com\/wp-content\/uploads\/2022\/01\/schneewittchen_weihnachtsaktion10154cmichael-liebert-1-300x225.jpg\" data-large-file=\"https:\/\/blog.michaelliebert.com\/wp-content\/uploads\/2022\/01\/schneewittchen_weihnachtsaktion10154cmichael-liebert-1-1024x768.jpg\" loading=\"lazy\" src=\"http:\/\/blog.michaelliebert.com\/wp-content\/uploads\/2022\/01\/schneewittchen_weihnachtsaktion10154cmichael-liebert-1-1024x768.jpg\" alt=\"\" class=\"wp-image-2584\" width=\"580\" height=\"435\" srcset=\"https:\/\/blog.michaelliebert.com\/wp-content\/uploads\/2022\/01\/schneewittchen_weihnachtsaktion10154cmichael-liebert-1-1024x768.jpg 1024w, https:\/\/blog.michaelliebert.com\/wp-content\/uploads\/2022\/01\/schneewittchen_weihnachtsaktion10154cmichael-liebert-1-300x225.jpg 300w, https:\/\/blog.michaelliebert.com\/wp-content\/uploads\/2022\/01\/schneewittchen_weihnachtsaktion10154cmichael-liebert-1-768x576.jpg 768w, https:\/\/blog.michaelliebert.com\/wp-content\/uploads\/2022\/01\/schneewittchen_weihnachtsaktion10154cmichael-liebert-1-1536x1152.jpg 1536w, https:\/\/blog.michaelliebert.com\/wp-content\/uploads\/2022\/01\/schneewittchen_weihnachtsaktion10154cmichael-liebert-1-2048x1536.jpg 2048w, https:\/\/blog.michaelliebert.com\/wp-content\/uploads\/2022\/01\/schneewittchen_weihnachtsaktion10154cmichael-liebert-1-624x468.jpg 624w\" sizes=\"(max-width: 580px) 100vw, 580px\" \/><figcaption>Foto: Michael Liebert<\/figcaption><\/figure>\n\n\n\n<figure class=\"wp-block-pullquote\"><blockquote><p>Besser von mir illustriert als gezeichnet vom Leben.<\/p><\/blockquote><\/figure>\n\n\n\n<p>Mein Kamm ist jedenfalls auf Design geb\u00fcrstet, mein Apple alles andere als giftig, sondern vielmehr mein wichtigster Zwerg, wenn es darum geht, zeitgem\u00e4\u00dfe, funktionelle und kreative L\u00f6sungen zu erarbeiten. L\u00f6sungen, die Sie tausendmal sch\u00f6ner machen und am Markt dort positionieren, wo Sie hingeh\u00f6ren.<\/p>\n\n\n\n<p>Neugierig Geworden? Dann schau doch auf <a href=\"https:\/\/www.schneewittchen.co.at\/\" target=\"_blank\" rel=\"noreferrer noopener\">https:\/\/www.schneewittchen.co.at\/<\/a><\/p>\n\n\n\n<ul><li>Kunde: Schneewittchen Werbeagentur e.U.<\/li><li>Art Direction: Tina Z\u00f6chling<\/li><li>Text: Matthias Steinperl<\/li><li>Illustration: Tina Z\u00f6chling<\/li><li>Fotografie: Michael Liebert<\/li><li>Bildbearbeitung: Michael Liebert<\/li><\/ul>\n","protected":false},"excerpt":{"rendered":"<p>Hinter den sieben Bergen (oder davor \u2013 je nach Standpunkt), da werkt an sieben Tagen (zumindest im Kopf) das Schneewittchen. Und es sorgt daf\u00fcr, dass Kund*innen aller Gr\u00f6\u00dfen (also vom \u201eZwerg\u201c bis zum Riesen) vor den Spiegel treten k\u00f6nnen, der zu ihnen sagt: Ihr Schneewittchen-Kund*innen seid nicht nur die sch\u00f6nsten im ganzen Land, sondern auch [&hellip;]<\/p>\n","protected":false},"author":2,"featured_media":2575,"comment_status":"closed","ping_status":"closed","sticky":false,"template":"","format":"standard","meta":{"jetpack_post_was_ever_published":false,"jetpack_publicize_message":"","jetpack_is_tweetstorm":false,"jetpack_publicize_feature_enabled":true,"jetpack_social_post_already_shared":true,"jetpack_social_options":{"image_generator_settings":{"template":"highway","enabled":false}}},"categories":[7],"tags":[38,232,43,17,70,231,143],"jetpack_publicize_connections":[],"jetpack_featured_media_url":"https:\/\/blog.michaelliebert.com\/wp-content\/uploads\/2022\/01\/schneewittchen__Tina_Zoechlingcmichael-liebert.jpg","jetpack_sharing_enabled":true,"jetpack_shortlink":"https:\/\/wp.me\/p2IZn7-Fy","_links":{"self":[{"href":"https:\/\/blog.michaelliebert.com\/index.php?rest_route=\/wp\/v2\/posts\/2576"}],"collection":[{"href":"https:\/\/blog.michaelliebert.com\/index.php?rest_route=\/wp\/v2\/posts"}],"about":[{"href":"https:\/\/blog.michaelliebert.com\/index.php?rest_route=\/wp\/v2\/types\/post"}],"author":[{"embeddable":true,"href":"https:\/\/blog.michaelliebert.com\/index.php?rest_route=\/wp\/v2\/users\/2"}],"replies":[{"embeddable":true,"href":"https:\/\/blog.michaelliebert.com\/index.php?rest_route=%2Fwp%2Fv2%2Fcomments&post=2576"}],"version-history":[{"count":9,"href":"https:\/\/blog.michaelliebert.com\/index.php?rest_route=\/wp\/v2\/posts\/2576\/revisions"}],"predecessor-version":[{"id":2721,"href":"https:\/\/blog.michaelliebert.com\/index.php?rest_route=\/wp\/v2\/posts\/2576\/revisions\/2721"}],"wp:featuredmedia":[{"embeddable":true,"href":"https:\/\/blog.michaelliebert.com\/index.php?rest_route=\/wp\/v2\/media\/2575"}],"wp:attachment":[{"href":"https:\/\/blog.michaelliebert.com\/index.php?rest_route=%2Fwp%2Fv2%2Fmedia&parent=2576"}],"wp:term":[{"taxonomy":"category","embeddable":true,"href":"https:\/\/blog.michaelliebert.com\/index.php?rest_route=%2Fwp%2Fv2%2Fcategories&post=2576"},{"taxonomy":"post_tag","embeddable":true,"href":"https:\/\/blog.michaelliebert.com\/index.php?rest_route=%2Fwp%2Fv2%2Ftags&post=2576"}],"curies":[{"name":"wp","href":"https:\/\/api.w.org\/{rel}","templated":true}]}}