{"id":2550,"date":"2022-02-12T14:58:42","date_gmt":"2022-02-12T12:58:42","guid":{"rendered":"http:\/\/blog.michaelliebert.com\/?p=2550"},"modified":"2022-02-12T14:58:44","modified_gmt":"2022-02-12T12:58:44","slug":"kommunikativer-lebensraum-aus-vollholz","status":"publish","type":"post","link":"https:\/\/blog.michaelliebert.com\/?p=2550","title":{"rendered":"KOMMUNIKATIVER LEBENSRAUM AUS VOLLHOLZ"},"content":{"rendered":"\n<p>Nunmehr beeindruckt das Einfamilienhaus nicht nur aufgrund der sichtbaren Wand- und Decken-Vollholzelemente aus naturbelassenem Fichtenholz, sondern auch durch die Besonderheit, das \u201eHaus mit Spiegel\u201c zu sein.<\/p>\n\n\n\n<!--more-->\n\n\n\n<figure class=\"wp-block-image size-large\"><img data-attachment-id=\"2548\" data-permalink=\"https:\/\/blog.michaelliebert.com\/?attachment_id=2548\" data-orig-file=\"https:\/\/blog.michaelliebert.com\/wp-content\/uploads\/2021\/10\/holzius_kremsmuenster2208cmichael-liebert.jpg\" data-orig-size=\"2000,1333\" data-comments-opened=\"1\" data-image-meta=\"{&quot;aperture&quot;:&quot;0&quot;,&quot;credit&quot;:&quot;MICHAEL LIEBERT&quot;,&quot;camera&quot;:&quot;&quot;,&quot;caption&quot;:&quot;Abdruck unter Angabe des Fotocredits. Die Verwendung f\\u00fcr Verkaufswaren laut Vereinbarung. Die Werbung f\\u00fcr Dritte ist honorarpflichtig und bedarf der vorherigen ausdr\\u00fccklichen Zustimmung von michael liebert photography.&quot;,&quot;created_timestamp&quot;:&quot;1387577223&quot;,&quot;copyright&quot;:&quot;Berufsfotograf&quot;,&quot;focal_length&quot;:&quot;0&quot;,&quot;iso&quot;:&quot;0&quot;,&quot;shutter_speed&quot;:&quot;0&quot;,&quot;title&quot;:&quot;&quot;,&quot;orientation&quot;:&quot;1&quot;}\" data-image-title=\"holzius_kremsmuenster2208(c)michael liebert\" data-image-description=\"\" data-image-caption=\"&lt;p&gt;Abdruck unter Angabe des Fotocredits. Die Verwendung f\u00fcr Verkaufswaren laut Vereinbarung. Die Werbung f\u00fcr Dritte ist honorarpflichtig und bedarf der vorherigen ausdr\u00fccklichen Zustimmung von michael liebert photography.&lt;\/p&gt;\n\" data-medium-file=\"https:\/\/blog.michaelliebert.com\/wp-content\/uploads\/2021\/10\/holzius_kremsmuenster2208cmichael-liebert-300x200.jpg\" data-large-file=\"https:\/\/blog.michaelliebert.com\/wp-content\/uploads\/2021\/10\/holzius_kremsmuenster2208cmichael-liebert-1024x682.jpg\" loading=\"lazy\" width=\"1024\" height=\"682\" src=\"http:\/\/blog.michaelliebert.com\/wp-content\/uploads\/2021\/10\/holzius_kremsmuenster2208cmichael-liebert-1024x682.jpg\" alt=\"\" class=\"wp-image-2548\" srcset=\"https:\/\/blog.michaelliebert.com\/wp-content\/uploads\/2021\/10\/holzius_kremsmuenster2208cmichael-liebert-1024x682.jpg 1024w, https:\/\/blog.michaelliebert.com\/wp-content\/uploads\/2021\/10\/holzius_kremsmuenster2208cmichael-liebert-300x200.jpg 300w, https:\/\/blog.michaelliebert.com\/wp-content\/uploads\/2021\/10\/holzius_kremsmuenster2208cmichael-liebert-768x512.jpg 768w, https:\/\/blog.michaelliebert.com\/wp-content\/uploads\/2021\/10\/holzius_kremsmuenster2208cmichael-liebert-1536x1024.jpg 1536w, https:\/\/blog.michaelliebert.com\/wp-content\/uploads\/2021\/10\/holzius_kremsmuenster2208cmichael-liebert-624x416.jpg 624w, https:\/\/blog.michaelliebert.com\/wp-content\/uploads\/2021\/10\/holzius_kremsmuenster2208cmichael-liebert.jpg 2000w\" sizes=\"(max-width: 1024px) 100vw, 1024px\" \/><\/figure>\n\n\n\n<p>Beim eingeschossigen Geb\u00e4ude mit insgesamt 131 m\u00b2 Wohnfl\u00e4che wurde auf den Einsatz nat\u00fcrlicher Materialien f\u00fcr ein gesundes Raumklima besonderer Wert gelegt.<\/p>\n\n\n\n<figure class=\"wp-block-image size-large\"><img data-attachment-id=\"2549\" data-permalink=\"https:\/\/blog.michaelliebert.com\/?attachment_id=2549\" data-orig-file=\"https:\/\/blog.michaelliebert.com\/wp-content\/uploads\/2021\/10\/holzius_kremsmuenster2330cmichael-liebert.jpg\" data-orig-size=\"2000,1333\" data-comments-opened=\"1\" data-image-meta=\"{&quot;aperture&quot;:&quot;0&quot;,&quot;credit&quot;:&quot;MICHAEL LIEBERT&quot;,&quot;camera&quot;:&quot;&quot;,&quot;caption&quot;:&quot;Abdruck unter Angabe des Fotocredits. Die Verwendung f\\u00fcr Verkaufswaren laut Vereinbarung. Die Werbung f\\u00fcr Dritte ist honorarpflichtig und bedarf der vorherigen ausdr\\u00fccklichen Zustimmung von michael liebert photography.&quot;,&quot;created_timestamp&quot;:&quot;1387577223&quot;,&quot;copyright&quot;:&quot;Berufsfotograf&quot;,&quot;focal_length&quot;:&quot;0&quot;,&quot;iso&quot;:&quot;0&quot;,&quot;shutter_speed&quot;:&quot;0&quot;,&quot;title&quot;:&quot;&quot;,&quot;orientation&quot;:&quot;1&quot;}\" data-image-title=\"holzius_kremsmuenster2330(c)michael liebert\" data-image-description=\"\" data-image-caption=\"&lt;p&gt;Abdruck unter Angabe des Fotocredits. Die Verwendung f\u00fcr Verkaufswaren laut Vereinbarung. Die Werbung f\u00fcr Dritte ist honorarpflichtig und bedarf der vorherigen ausdr\u00fccklichen Zustimmung von michael liebert photography.&lt;\/p&gt;\n\" data-medium-file=\"https:\/\/blog.michaelliebert.com\/wp-content\/uploads\/2021\/10\/holzius_kremsmuenster2330cmichael-liebert-300x200.jpg\" data-large-file=\"https:\/\/blog.michaelliebert.com\/wp-content\/uploads\/2021\/10\/holzius_kremsmuenster2330cmichael-liebert-1024x682.jpg\" loading=\"lazy\" width=\"1024\" height=\"682\" src=\"http:\/\/blog.michaelliebert.com\/wp-content\/uploads\/2021\/10\/holzius_kremsmuenster2330cmichael-liebert-1024x682.jpg\" alt=\"\" class=\"wp-image-2549\" srcset=\"https:\/\/blog.michaelliebert.com\/wp-content\/uploads\/2021\/10\/holzius_kremsmuenster2330cmichael-liebert-1024x682.jpg 1024w, https:\/\/blog.michaelliebert.com\/wp-content\/uploads\/2021\/10\/holzius_kremsmuenster2330cmichael-liebert-300x200.jpg 300w, https:\/\/blog.michaelliebert.com\/wp-content\/uploads\/2021\/10\/holzius_kremsmuenster2330cmichael-liebert-768x512.jpg 768w, https:\/\/blog.michaelliebert.com\/wp-content\/uploads\/2021\/10\/holzius_kremsmuenster2330cmichael-liebert-1536x1024.jpg 1536w, https:\/\/blog.michaelliebert.com\/wp-content\/uploads\/2021\/10\/holzius_kremsmuenster2330cmichael-liebert-624x416.jpg 624w, https:\/\/blog.michaelliebert.com\/wp-content\/uploads\/2021\/10\/holzius_kremsmuenster2330cmichael-liebert.jpg 2000w\" sizes=\"(max-width: 1024px) 100vw, 1024px\" \/><\/figure>\n\n\n\n<p>Schlie\u00dflich \u00f6ffnet sich das Haus haupts\u00e4chlich gegen S\u00fcden und gro\u00dfz\u00fcgig gegen Westen mit einer weitl\u00e4ufigen Glasfassade. Damit l\u00e4sst sich die W\u00e4rme der Sonne ganzj\u00e4hrig im Wohnraum mit integriertem K\u00fcchenteil passiv nutzen, w\u00e4hrend der nord\u00f6stlich aufkommende Stra\u00dfenl\u00e4rm au\u00dfen vor bleibt.<\/p>\n\n\n\n<p>Mehr Bilder auf&nbsp;<a href=\"https:\/\/michaelliebert.com\/\" target=\"_blank\" rel=\"noreferrer noopener\">michaelliebert.com<\/a><\/p>\n\n\n\n<p>Kunde:&nbsp;<a href=\"https:\/\/www.holzius.com\/de\/\" data-type=\"URL\" data-id=\"https:\/\/www.holzius.com\/de\/\" target=\"_blank\" rel=\"noreferrer noopener\">holzius GmbH<\/a><br>Agentur:&nbsp;<a rel=\"noreferrer noopener\" href=\"https:\/\/www.serendipity.ag\/\" target=\"_blank\">Serendipity GmbH<\/a><br>Fotografie: Michael Liebert<br>Bildbearbeitung: Michael Liebert<\/p>\n","protected":false},"excerpt":{"rendered":"<p>Nunmehr beeindruckt das Einfamilienhaus nicht nur aufgrund der sichtbaren Wand- und Decken-Vollholzelemente aus naturbelassenem Fichtenholz, sondern auch durch die Besonderheit, das \u201eHaus mit Spiegel\u201c zu sein.<\/p>\n","protected":false},"author":2,"featured_media":2547,"comment_status":"open","ping_status":"open","sticky":false,"template":"","format":"standard","meta":{"jetpack_post_was_ever_published":false,"jetpack_publicize_message":"","jetpack_is_tweetstorm":false,"jetpack_publicize_feature_enabled":true,"jetpack_social_post_already_shared":true,"jetpack_social_options":{"image_generator_settings":{"template":"highway","enabled":false}}},"categories":[7],"tags":[205,223,222,10,43],"jetpack_publicize_connections":[],"jetpack_featured_media_url":"https:\/\/blog.michaelliebert.com\/wp-content\/uploads\/2021\/10\/holzius_kremsm_portrait2823cmichael-liebert.jpg","jetpack_sharing_enabled":true,"jetpack_shortlink":"https:\/\/wp.me\/p2IZn7-F8","_links":{"self":[{"href":"https:\/\/blog.michaelliebert.com\/index.php?rest_route=\/wp\/v2\/posts\/2550"}],"collection":[{"href":"https:\/\/blog.michaelliebert.com\/index.php?rest_route=\/wp\/v2\/posts"}],"about":[{"href":"https:\/\/blog.michaelliebert.com\/index.php?rest_route=\/wp\/v2\/types\/post"}],"author":[{"embeddable":true,"href":"https:\/\/blog.michaelliebert.com\/index.php?rest_route=\/wp\/v2\/users\/2"}],"replies":[{"embeddable":true,"href":"https:\/\/blog.michaelliebert.com\/index.php?rest_route=%2Fwp%2Fv2%2Fcomments&post=2550"}],"version-history":[{"count":5,"href":"https:\/\/blog.michaelliebert.com\/index.php?rest_route=\/wp\/v2\/posts\/2550\/revisions"}],"predecessor-version":[{"id":2594,"href":"https:\/\/blog.michaelliebert.com\/index.php?rest_route=\/wp\/v2\/posts\/2550\/revisions\/2594"}],"wp:featuredmedia":[{"embeddable":true,"href":"https:\/\/blog.michaelliebert.com\/index.php?rest_route=\/wp\/v2\/media\/2547"}],"wp:attachment":[{"href":"https:\/\/blog.michaelliebert.com\/index.php?rest_route=%2Fwp%2Fv2%2Fmedia&parent=2550"}],"wp:term":[{"taxonomy":"category","embeddable":true,"href":"https:\/\/blog.michaelliebert.com\/index.php?rest_route=%2Fwp%2Fv2%2Fcategories&post=2550"},{"taxonomy":"post_tag","embeddable":true,"href":"https:\/\/blog.michaelliebert.com\/index.php?rest_route=%2Fwp%2Fv2%2Ftags&post=2550"}],"curies":[{"name":"wp","href":"https:\/\/api.w.org\/{rel}","templated":true}]}}