{"id":2543,"date":"2022-02-11T11:04:53","date_gmt":"2022-02-11T09:04:53","guid":{"rendered":"http:\/\/blog.michaelliebert.com\/?p=2543"},"modified":"2022-02-12T14:08:07","modified_gmt":"2022-02-12T12:08:07","slug":"einfamilienwohnhaus-aus-vollholz","status":"publish","type":"post","link":"https:\/\/blog.michaelliebert.com\/?p=2543","title":{"rendered":"EINFAMILIENWOHNHAUS AUS VOLLHOLZ"},"content":{"rendered":"\n<p>Beim Einfamilienhaus in Abersee am Wolfgangsee in Salzburg wurden traditionelle Wohnformen und -elemente modern interpretiert und ins einundzwanzigste Jahrhundert \u00fcbersetzt.<\/p>\n\n\n\n<!--more-->\n\n\n\n<figure class=\"wp-block-image size-large\"><img data-attachment-id=\"2540\" data-permalink=\"https:\/\/blog.michaelliebert.com\/?attachment_id=2540\" data-orig-file=\"https:\/\/blog.michaelliebert.com\/wp-content\/uploads\/2021\/10\/holzius_abersee0693cmichael-liebert.jpg\" data-orig-size=\"2085,1390\" data-comments-opened=\"1\" data-image-meta=\"{&quot;aperture&quot;:&quot;0&quot;,&quot;credit&quot;:&quot;MICHAEL LIEBERT&quot;,&quot;camera&quot;:&quot;&quot;,&quot;caption&quot;:&quot;Abdruck unter Angabe des Fotocredits. Die Verwendung f\\u00fcr Verkaufswaren laut Vereinbarung. Die Werbung f\\u00fcr Dritte ist honorarpflichtig und bedarf der vorherigen ausdr\\u00fccklichen Zustimmung von michael liebert photography.&quot;,&quot;created_timestamp&quot;:&quot;1387577223&quot;,&quot;copyright&quot;:&quot;Berufsfotograf&quot;,&quot;focal_length&quot;:&quot;0&quot;,&quot;iso&quot;:&quot;0&quot;,&quot;shutter_speed&quot;:&quot;0&quot;,&quot;title&quot;:&quot;&quot;,&quot;orientation&quot;:&quot;1&quot;}\" data-image-title=\"holzius_abersee0693(c)michael liebert\" data-image-description=\"\" data-image-caption=\"&lt;p&gt;Abdruck unter Angabe des Fotocredits. Die Verwendung f\u00fcr Verkaufswaren laut Vereinbarung. Die Werbung f\u00fcr Dritte ist honorarpflichtig und bedarf der vorherigen ausdr\u00fccklichen Zustimmung von michael liebert photography.&lt;\/p&gt;\n\" data-medium-file=\"https:\/\/blog.michaelliebert.com\/wp-content\/uploads\/2021\/10\/holzius_abersee0693cmichael-liebert-300x200.jpg\" data-large-file=\"https:\/\/blog.michaelliebert.com\/wp-content\/uploads\/2021\/10\/holzius_abersee0693cmichael-liebert-1024x683.jpg\" loading=\"lazy\" width=\"1024\" height=\"683\" src=\"http:\/\/blog.michaelliebert.com\/wp-content\/uploads\/2021\/10\/holzius_abersee0693cmichael-liebert-1024x683.jpg\" alt=\"\" class=\"wp-image-2540\" srcset=\"https:\/\/blog.michaelliebert.com\/wp-content\/uploads\/2021\/10\/holzius_abersee0693cmichael-liebert-1024x683.jpg 1024w, https:\/\/blog.michaelliebert.com\/wp-content\/uploads\/2021\/10\/holzius_abersee0693cmichael-liebert-300x200.jpg 300w, https:\/\/blog.michaelliebert.com\/wp-content\/uploads\/2021\/10\/holzius_abersee0693cmichael-liebert-768x512.jpg 768w, https:\/\/blog.michaelliebert.com\/wp-content\/uploads\/2021\/10\/holzius_abersee0693cmichael-liebert-1536x1024.jpg 1536w, https:\/\/blog.michaelliebert.com\/wp-content\/uploads\/2021\/10\/holzius_abersee0693cmichael-liebert-2048x1365.jpg 2048w, https:\/\/blog.michaelliebert.com\/wp-content\/uploads\/2021\/10\/holzius_abersee0693cmichael-liebert-624x416.jpg 624w\" sizes=\"(max-width: 1024px) 100vw, 1024px\" \/><\/figure>\n\n\n\n<p>Als Heizungssystem wurde im Erdgeschoss des Wohnhauses ein Kachelofen installiert. Dieser erm\u00f6glicht durch den Anschluss an den Pufferspeicher das Beheizen der gesamten Geb\u00e4udekubatur.<\/p>\n\n\n\n<figure class=\"wp-block-image size-large\"><img data-attachment-id=\"2542\" data-permalink=\"https:\/\/blog.michaelliebert.com\/?attachment_id=2542\" data-orig-file=\"https:\/\/blog.michaelliebert.com\/wp-content\/uploads\/2021\/10\/holzius_abersee0758cmichael-liebert.jpg\" data-orig-size=\"1390,2085\" data-comments-opened=\"1\" data-image-meta=\"{&quot;aperture&quot;:&quot;0&quot;,&quot;credit&quot;:&quot;MICHAEL LIEBERT&quot;,&quot;camera&quot;:&quot;&quot;,&quot;caption&quot;:&quot;Abdruck unter Angabe des Fotocredits. Die Verwendung f\\u00fcr Verkaufswaren laut Vereinbarung. Die Werbung f\\u00fcr Dritte ist honorarpflichtig und bedarf der vorherigen ausdr\\u00fccklichen Zustimmung von michael liebert photography.&quot;,&quot;created_timestamp&quot;:&quot;1387577223&quot;,&quot;copyright&quot;:&quot;Berufsfotograf&quot;,&quot;focal_length&quot;:&quot;0&quot;,&quot;iso&quot;:&quot;0&quot;,&quot;shutter_speed&quot;:&quot;0&quot;,&quot;title&quot;:&quot;&quot;,&quot;orientation&quot;:&quot;1&quot;}\" data-image-title=\"holzius_abersee0758(c)michael liebert\" data-image-description=\"\" data-image-caption=\"&lt;p&gt;Abdruck unter Angabe des Fotocredits. Die Verwendung f\u00fcr Verkaufswaren laut Vereinbarung. Die Werbung f\u00fcr Dritte ist honorarpflichtig und bedarf der vorherigen ausdr\u00fccklichen Zustimmung von michael liebert photography.&lt;\/p&gt;\n\" data-medium-file=\"https:\/\/blog.michaelliebert.com\/wp-content\/uploads\/2021\/10\/holzius_abersee0758cmichael-liebert-200x300.jpg\" data-large-file=\"https:\/\/blog.michaelliebert.com\/wp-content\/uploads\/2021\/10\/holzius_abersee0758cmichael-liebert-683x1024.jpg\" loading=\"lazy\" width=\"683\" height=\"1024\" src=\"http:\/\/blog.michaelliebert.com\/wp-content\/uploads\/2021\/10\/holzius_abersee0758cmichael-liebert-683x1024.jpg\" alt=\"\" class=\"wp-image-2542\" srcset=\"https:\/\/blog.michaelliebert.com\/wp-content\/uploads\/2021\/10\/holzius_abersee0758cmichael-liebert-683x1024.jpg 683w, https:\/\/blog.michaelliebert.com\/wp-content\/uploads\/2021\/10\/holzius_abersee0758cmichael-liebert-200x300.jpg 200w, https:\/\/blog.michaelliebert.com\/wp-content\/uploads\/2021\/10\/holzius_abersee0758cmichael-liebert-768x1152.jpg 768w, https:\/\/blog.michaelliebert.com\/wp-content\/uploads\/2021\/10\/holzius_abersee0758cmichael-liebert-1024x1536.jpg 1024w, https:\/\/blog.michaelliebert.com\/wp-content\/uploads\/2021\/10\/holzius_abersee0758cmichael-liebert-1365x2048.jpg 1365w, https:\/\/blog.michaelliebert.com\/wp-content\/uploads\/2021\/10\/holzius_abersee0758cmichael-liebert-624x936.jpg 624w, https:\/\/blog.michaelliebert.com\/wp-content\/uploads\/2021\/10\/holzius_abersee0758cmichael-liebert.jpg 1390w\" sizes=\"(max-width: 683px) 100vw, 683px\" \/><\/figure>\n\n\n\n<p>Die zukunftssichere Planung und Architektur folgte der Idee des generations\u00fcbergreifenden Wohnens und bietet Wohngenuss f\u00fcr jede Generation.<\/p>\n\n\n\n<p>Mehr Bilder auf&nbsp;<a href=\"https:\/\/michaelliebert.com\/\" target=\"_blank\" rel=\"noreferrer noopener\">michaelliebert.com<\/a><\/p>\n\n\n\n<p>Kunde:&nbsp;<a href=\"https:\/\/www.holzius.com\/de\/\" data-type=\"URL\" data-id=\"https:\/\/www.holzius.com\/de\/\" target=\"_blank\" rel=\"noreferrer noopener\">holzius GmbH<\/a><br>Agentur:&nbsp;<a rel=\"noreferrer noopener\" href=\"https:\/\/www.serendipity.ag\/\" target=\"_blank\">Serendipity GmbH<\/a><br>Fotografie: Michael Liebert<br>Bildbearbeitung: Michael Liebert<\/p>\n\n\n\n<p><\/p>\n","protected":false},"excerpt":{"rendered":"<p>Beim Einfamilienhaus in Abersee am Wolfgangsee in Salzburg wurden traditionelle Wohnformen und -elemente modern interpretiert und ins einundzwanzigste Jahrhundert \u00fcbersetzt.<\/p>\n","protected":false},"author":2,"featured_media":2541,"comment_status":"open","ping_status":"open","sticky":false,"template":"","format":"standard","meta":{"jetpack_post_was_ever_published":false,"jetpack_publicize_message":"","jetpack_is_tweetstorm":false,"jetpack_publicize_feature_enabled":true,"jetpack_social_post_already_shared":true,"jetpack_social_options":{"image_generator_settings":{"template":"highway","enabled":false}}},"categories":[7],"tags":[205,223,222,10,43],"jetpack_publicize_connections":[],"jetpack_featured_media_url":"https:\/\/blog.michaelliebert.com\/wp-content\/uploads\/2021\/10\/holzius_abersee1046cmichael-liebert.jpg","jetpack_sharing_enabled":true,"jetpack_shortlink":"https:\/\/wp.me\/p2IZn7-F1","_links":{"self":[{"href":"https:\/\/blog.michaelliebert.com\/index.php?rest_route=\/wp\/v2\/posts\/2543"}],"collection":[{"href":"https:\/\/blog.michaelliebert.com\/index.php?rest_route=\/wp\/v2\/posts"}],"about":[{"href":"https:\/\/blog.michaelliebert.com\/index.php?rest_route=\/wp\/v2\/types\/post"}],"author":[{"embeddable":true,"href":"https:\/\/blog.michaelliebert.com\/index.php?rest_route=\/wp\/v2\/users\/2"}],"replies":[{"embeddable":true,"href":"https:\/\/blog.michaelliebert.com\/index.php?rest_route=%2Fwp%2Fv2%2Fcomments&post=2543"}],"version-history":[{"count":7,"href":"https:\/\/blog.michaelliebert.com\/index.php?rest_route=\/wp\/v2\/posts\/2543\/revisions"}],"predecessor-version":[{"id":2590,"href":"https:\/\/blog.michaelliebert.com\/index.php?rest_route=\/wp\/v2\/posts\/2543\/revisions\/2590"}],"wp:featuredmedia":[{"embeddable":true,"href":"https:\/\/blog.michaelliebert.com\/index.php?rest_route=\/wp\/v2\/media\/2541"}],"wp:attachment":[{"href":"https:\/\/blog.michaelliebert.com\/index.php?rest_route=%2Fwp%2Fv2%2Fmedia&parent=2543"}],"wp:term":[{"taxonomy":"category","embeddable":true,"href":"https:\/\/blog.michaelliebert.com\/index.php?rest_route=%2Fwp%2Fv2%2Fcategories&post=2543"},{"taxonomy":"post_tag","embeddable":true,"href":"https:\/\/blog.michaelliebert.com\/index.php?rest_route=%2Fwp%2Fv2%2Ftags&post=2543"}],"curies":[{"name":"wp","href":"https:\/\/api.w.org\/{rel}","templated":true}]}}