{"id":2530,"date":"2021-10-18T07:38:32","date_gmt":"2021-10-18T05:38:32","guid":{"rendered":"http:\/\/blog.michaelliebert.com\/?p=2530"},"modified":"2021-10-18T07:38:35","modified_gmt":"2021-10-18T05:38:35","slug":"portraitshooting-mit-georg-emprechtinger-ceo-von-team-7","status":"publish","type":"post","link":"https:\/\/blog.michaelliebert.com\/?p=2530","title":{"rendered":"Portraitshooting mit Georg Emprechtinger CEO von TEAM 7"},"content":{"rendered":"\n<figure class=\"wp-block-image size-large\"><img data-attachment-id=\"2534\" data-permalink=\"https:\/\/blog.michaelliebert.com\/?attachment_id=2534\" data-orig-file=\"https:\/\/blog.michaelliebert.com\/wp-content\/uploads\/2021\/10\/2LI1343cmichael-liebert-scaled.jpg\" data-orig-size=\"1707,2560\" data-comments-opened=\"1\" data-image-meta=\"{&quot;aperture&quot;:&quot;0&quot;,&quot;credit&quot;:&quot;MICHAEL LIEBERT&quot;,&quot;camera&quot;:&quot;&quot;,&quot;caption&quot;:&quot;Abdruck unter Angabe des Fotocredits. Die Verwendung f\\u00fcr Verkaufswaren laut Vereinbarung. Die Werbung f\\u00fcr Dritte ist honorarpflichtig und bedarf der vorherigen ausdr\\u00fccklichen Zustimmung von michael liebert photography.&quot;,&quot;created_timestamp&quot;:&quot;1387577223&quot;,&quot;copyright&quot;:&quot;Berufsfotograf&quot;,&quot;focal_length&quot;:&quot;0&quot;,&quot;iso&quot;:&quot;0&quot;,&quot;shutter_speed&quot;:&quot;0&quot;,&quot;title&quot;:&quot;&quot;,&quot;orientation&quot;:&quot;1&quot;}\" data-image-title=\"_2LI1343(c)michael liebert\" data-image-description=\"\" data-image-caption=\"&lt;p&gt;Abdruck unter Angabe des Fotocredits. Die Verwendung f\u00fcr Verkaufswaren laut Vereinbarung. Die Werbung f\u00fcr Dritte ist honorarpflichtig und bedarf der vorherigen ausdr\u00fccklichen Zustimmung von michael liebert photography.&lt;\/p&gt;\n\" data-medium-file=\"https:\/\/blog.michaelliebert.com\/wp-content\/uploads\/2021\/10\/2LI1343cmichael-liebert-200x300.jpg\" data-large-file=\"https:\/\/blog.michaelliebert.com\/wp-content\/uploads\/2021\/10\/2LI1343cmichael-liebert-683x1024.jpg\" loading=\"lazy\" width=\"683\" height=\"1024\" src=\"http:\/\/blog.michaelliebert.com\/wp-content\/uploads\/2021\/10\/2LI1343cmichael-liebert-683x1024.jpg\" alt=\"\" class=\"wp-image-2534\" srcset=\"https:\/\/blog.michaelliebert.com\/wp-content\/uploads\/2021\/10\/2LI1343cmichael-liebert-683x1024.jpg 683w, https:\/\/blog.michaelliebert.com\/wp-content\/uploads\/2021\/10\/2LI1343cmichael-liebert-200x300.jpg 200w, https:\/\/blog.michaelliebert.com\/wp-content\/uploads\/2021\/10\/2LI1343cmichael-liebert-768x1152.jpg 768w, https:\/\/blog.michaelliebert.com\/wp-content\/uploads\/2021\/10\/2LI1343cmichael-liebert-1024x1536.jpg 1024w, https:\/\/blog.michaelliebert.com\/wp-content\/uploads\/2021\/10\/2LI1343cmichael-liebert-1365x2048.jpg 1365w, https:\/\/blog.michaelliebert.com\/wp-content\/uploads\/2021\/10\/2LI1343cmichael-liebert-624x936.jpg 624w, https:\/\/blog.michaelliebert.com\/wp-content\/uploads\/2021\/10\/2LI1343cmichael-liebert-scaled.jpg 1707w\" sizes=\"(max-width: 683px) 100vw, 683px\" \/><\/figure>\n\n\n\n<p>Seit 2006 ist Georg Emprechtinger alleiniger Eigent\u00fcmer von TEAM 7.<\/p>\n\n\n\n<!--more-->\n\n\n\n<figure class=\"wp-block-image size-large\"><img data-attachment-id=\"2532\" data-permalink=\"https:\/\/blog.michaelliebert.com\/?attachment_id=2532\" data-orig-file=\"https:\/\/blog.michaelliebert.com\/wp-content\/uploads\/2021\/10\/2LI0775cmichael-liebert-scaled.jpg\" data-orig-size=\"1707,2560\" data-comments-opened=\"1\" data-image-meta=\"{&quot;aperture&quot;:&quot;0&quot;,&quot;credit&quot;:&quot;MICHAEL LIEBERT&quot;,&quot;camera&quot;:&quot;&quot;,&quot;caption&quot;:&quot;Abdruck unter Angabe des Fotocredits. Die Verwendung f\\u00fcr Verkaufswaren laut Vereinbarung. Die Werbung f\\u00fcr Dritte ist honorarpflichtig und bedarf der vorherigen ausdr\\u00fccklichen Zustimmung von michael liebert photography.&quot;,&quot;created_timestamp&quot;:&quot;1387577223&quot;,&quot;copyright&quot;:&quot;Berufsfotograf&quot;,&quot;focal_length&quot;:&quot;0&quot;,&quot;iso&quot;:&quot;0&quot;,&quot;shutter_speed&quot;:&quot;0&quot;,&quot;title&quot;:&quot;&quot;,&quot;orientation&quot;:&quot;1&quot;}\" data-image-title=\"_2LI0775(c)michael liebert\" data-image-description=\"\" data-image-caption=\"&lt;p&gt;Abdruck unter Angabe des Fotocredits. Die Verwendung f\u00fcr Verkaufswaren laut Vereinbarung. Die Werbung f\u00fcr Dritte ist honorarpflichtig und bedarf der vorherigen ausdr\u00fccklichen Zustimmung von michael liebert photography.&lt;\/p&gt;\n\" data-medium-file=\"https:\/\/blog.michaelliebert.com\/wp-content\/uploads\/2021\/10\/2LI0775cmichael-liebert-200x300.jpg\" data-large-file=\"https:\/\/blog.michaelliebert.com\/wp-content\/uploads\/2021\/10\/2LI0775cmichael-liebert-683x1024.jpg\" loading=\"lazy\" width=\"683\" height=\"1024\" src=\"http:\/\/blog.michaelliebert.com\/wp-content\/uploads\/2021\/10\/2LI0775cmichael-liebert-683x1024.jpg\" alt=\"\" class=\"wp-image-2532\" srcset=\"https:\/\/blog.michaelliebert.com\/wp-content\/uploads\/2021\/10\/2LI0775cmichael-liebert-683x1024.jpg 683w, https:\/\/blog.michaelliebert.com\/wp-content\/uploads\/2021\/10\/2LI0775cmichael-liebert-200x300.jpg 200w, https:\/\/blog.michaelliebert.com\/wp-content\/uploads\/2021\/10\/2LI0775cmichael-liebert-768x1152.jpg 768w, https:\/\/blog.michaelliebert.com\/wp-content\/uploads\/2021\/10\/2LI0775cmichael-liebert-1024x1536.jpg 1024w, https:\/\/blog.michaelliebert.com\/wp-content\/uploads\/2021\/10\/2LI0775cmichael-liebert-1365x2048.jpg 1365w, https:\/\/blog.michaelliebert.com\/wp-content\/uploads\/2021\/10\/2LI0775cmichael-liebert-624x936.jpg 624w, https:\/\/blog.michaelliebert.com\/wp-content\/uploads\/2021\/10\/2LI0775cmichael-liebert-scaled.jpg 1707w\" sizes=\"(max-width: 683px) 100vw, 683px\" \/><\/figure>\n\n\n\n<p>Als Sohn eines Innviertler S\u00e4gewerkbesitzers hat Georg Emprechtinger seine Wurzeln in der Region und schon sein ganzes Leben lang eine besondere Beziehung zu Holz.&nbsp;<\/p>\n\n\n\n<figure class=\"wp-block-image size-large\"><img data-attachment-id=\"2533\" data-permalink=\"https:\/\/blog.michaelliebert.com\/?attachment_id=2533\" data-orig-file=\"https:\/\/blog.michaelliebert.com\/wp-content\/uploads\/2021\/10\/2LI0982cmichael-liebert-scaled.jpg\" data-orig-size=\"2560,1707\" data-comments-opened=\"1\" data-image-meta=\"{&quot;aperture&quot;:&quot;0&quot;,&quot;credit&quot;:&quot;MICHAEL LIEBERT&quot;,&quot;camera&quot;:&quot;&quot;,&quot;caption&quot;:&quot;Abdruck unter Angabe des Fotocredits. Die Verwendung f\\u00fcr Verkaufswaren laut Vereinbarung. Die Werbung f\\u00fcr Dritte ist honorarpflichtig und bedarf der vorherigen ausdr\\u00fccklichen Zustimmung von michael liebert photography.&quot;,&quot;created_timestamp&quot;:&quot;1387577223&quot;,&quot;copyright&quot;:&quot;Berufsfotograf&quot;,&quot;focal_length&quot;:&quot;0&quot;,&quot;iso&quot;:&quot;0&quot;,&quot;shutter_speed&quot;:&quot;0&quot;,&quot;title&quot;:&quot;&quot;,&quot;orientation&quot;:&quot;1&quot;}\" data-image-title=\"_2LI0982(c)michael liebert\" data-image-description=\"\" data-image-caption=\"&lt;p&gt;Abdruck unter Angabe des Fotocredits. Die Verwendung f\u00fcr Verkaufswaren laut Vereinbarung. Die Werbung f\u00fcr Dritte ist honorarpflichtig und bedarf der vorherigen ausdr\u00fccklichen Zustimmung von michael liebert photography.&lt;\/p&gt;\n\" data-medium-file=\"https:\/\/blog.michaelliebert.com\/wp-content\/uploads\/2021\/10\/2LI0982cmichael-liebert-300x200.jpg\" data-large-file=\"https:\/\/blog.michaelliebert.com\/wp-content\/uploads\/2021\/10\/2LI0982cmichael-liebert-1024x683.jpg\" loading=\"lazy\" width=\"1024\" height=\"683\" src=\"http:\/\/blog.michaelliebert.com\/wp-content\/uploads\/2021\/10\/2LI0982cmichael-liebert-1024x683.jpg\" alt=\"\" class=\"wp-image-2533\" srcset=\"https:\/\/blog.michaelliebert.com\/wp-content\/uploads\/2021\/10\/2LI0982cmichael-liebert-1024x683.jpg 1024w, https:\/\/blog.michaelliebert.com\/wp-content\/uploads\/2021\/10\/2LI0982cmichael-liebert-300x200.jpg 300w, https:\/\/blog.michaelliebert.com\/wp-content\/uploads\/2021\/10\/2LI0982cmichael-liebert-768x512.jpg 768w, https:\/\/blog.michaelliebert.com\/wp-content\/uploads\/2021\/10\/2LI0982cmichael-liebert-1536x1024.jpg 1536w, https:\/\/blog.michaelliebert.com\/wp-content\/uploads\/2021\/10\/2LI0982cmichael-liebert-2048x1365.jpg 2048w, https:\/\/blog.michaelliebert.com\/wp-content\/uploads\/2021\/10\/2LI0982cmichael-liebert-624x416.jpg 624w\" sizes=\"(max-width: 1024px) 100vw, 1024px\" \/><figcaption>.<\/figcaption><\/figure>\n\n\n\n<p>Mehr Bilder auf&nbsp;<a rel=\"noreferrer noopener\" href=\"https:\/\/michaelliebert.com\/\" target=\"_blank\">michaelliebert.com<\/a><\/p>\n\n\n\n<ul><li>Kunde: TEAM 7<\/li><li>Fotografie: Michael Liebert<\/li><li>Assistenz: Melanie Asb\u00f6ck<\/li><\/ul>\n\n\n\n<p><\/p>\n","protected":false},"excerpt":{"rendered":"<p>Seit 2006 ist Georg Emprechtinger alleiniger Eigent\u00fcmer von TEAM 7.<\/p>\n","protected":false},"author":2,"featured_media":0,"comment_status":"open","ping_status":"open","sticky":false,"template":"","format":"standard","meta":{"jetpack_post_was_ever_published":false,"jetpack_publicize_message":"","jetpack_is_tweetstorm":false,"jetpack_publicize_feature_enabled":true,"jetpack_social_post_already_shared":true,"jetpack_social_options":{"image_generator_settings":{"template":"highway","enabled":false}}},"categories":[7],"tags":[225,205,223,10,43,226,227],"jetpack_publicize_connections":[],"jetpack_featured_media_url":"","jetpack_sharing_enabled":true,"jetpack_shortlink":"https:\/\/wp.me\/p2IZn7-EO","_links":{"self":[{"href":"https:\/\/blog.michaelliebert.com\/index.php?rest_route=\/wp\/v2\/posts\/2530"}],"collection":[{"href":"https:\/\/blog.michaelliebert.com\/index.php?rest_route=\/wp\/v2\/posts"}],"about":[{"href":"https:\/\/blog.michaelliebert.com\/index.php?rest_route=\/wp\/v2\/types\/post"}],"author":[{"embeddable":true,"href":"https:\/\/blog.michaelliebert.com\/index.php?rest_route=\/wp\/v2\/users\/2"}],"replies":[{"embeddable":true,"href":"https:\/\/blog.michaelliebert.com\/index.php?rest_route=%2Fwp%2Fv2%2Fcomments&post=2530"}],"version-history":[{"count":6,"href":"https:\/\/blog.michaelliebert.com\/index.php?rest_route=\/wp\/v2\/posts\/2530\/revisions"}],"predecessor-version":[{"id":2539,"href":"https:\/\/blog.michaelliebert.com\/index.php?rest_route=\/wp\/v2\/posts\/2530\/revisions\/2539"}],"wp:attachment":[{"href":"https:\/\/blog.michaelliebert.com\/index.php?rest_route=%2Fwp%2Fv2%2Fmedia&parent=2530"}],"wp:term":[{"taxonomy":"category","embeddable":true,"href":"https:\/\/blog.michaelliebert.com\/index.php?rest_route=%2Fwp%2Fv2%2Fcategories&post=2530"},{"taxonomy":"post_tag","embeddable":true,"href":"https:\/\/blog.michaelliebert.com\/index.php?rest_route=%2Fwp%2Fv2%2Ftags&post=2530"}],"curies":[{"name":"wp","href":"https:\/\/api.w.org\/{rel}","templated":true}]}}