{"id":2471,"date":"2021-08-26T19:17:06","date_gmt":"2021-08-26T17:17:06","guid":{"rendered":"http:\/\/blog.michaelliebert.com\/?p=2471"},"modified":"2021-08-26T19:17:08","modified_gmt":"2021-08-26T17:17:08","slug":"gerda-rogers-promi-am-zug","status":"publish","type":"post","link":"https:\/\/blog.michaelliebert.com\/?p=2471","title":{"rendered":"Gerda Rogers &#8211; Promi am Zug"},"content":{"rendered":"\n<figure class=\"wp-block-image size-large\"><a href=\"http:\/\/blog.michaelliebert.com\/wp-content\/uploads\/2021\/08\/O\u0308BB-bewegt-Gerda-Rogers-scaled.jpg\" target=\"_blank\" rel=\"noopener noreferrer\"><img data-attachment-id=\"2468\" data-permalink=\"https:\/\/blog.michaelliebert.com\/?attachment_id=2468\" data-orig-file=\"https:\/\/blog.michaelliebert.com\/wp-content\/uploads\/2021\/08\/O\u0308BB-bewegt-Gerda-Rogers-scaled.jpg\" data-orig-size=\"2560,1810\" data-comments-opened=\"1\" data-image-meta=\"{&quot;aperture&quot;:&quot;0&quot;,&quot;credit&quot;:&quot;&quot;,&quot;camera&quot;:&quot;&quot;,&quot;caption&quot;:&quot;&quot;,&quot;created_timestamp&quot;:&quot;0&quot;,&quot;copyright&quot;:&quot;&quot;,&quot;focal_length&quot;:&quot;0&quot;,&quot;iso&quot;:&quot;0&quot;,&quot;shutter_speed&quot;:&quot;0&quot;,&quot;title&quot;:&quot;&quot;,&quot;orientation&quot;:&quot;1&quot;}\" data-image-title=\"O\u0308BB-bewegt-Gerda-Rogers\" data-image-description=\"\" data-image-caption=\"\" data-medium-file=\"https:\/\/blog.michaelliebert.com\/wp-content\/uploads\/2021\/08\/O\u0308BB-bewegt-Gerda-Rogers-300x212.jpg\" data-large-file=\"https:\/\/blog.michaelliebert.com\/wp-content\/uploads\/2021\/08\/O\u0308BB-bewegt-Gerda-Rogers-1024x724.jpg\" loading=\"lazy\" width=\"1024\" height=\"724\" src=\"http:\/\/blog.michaelliebert.com\/wp-content\/uploads\/2021\/08\/O\u0308BB-bewegt-Gerda-Rogers-1024x724.jpg\" alt=\"\" class=\"wp-image-2468\" srcset=\"https:\/\/blog.michaelliebert.com\/wp-content\/uploads\/2021\/08\/O\u0308BB-bewegt-Gerda-Rogers-1024x724.jpg 1024w, https:\/\/blog.michaelliebert.com\/wp-content\/uploads\/2021\/08\/O\u0308BB-bewegt-Gerda-Rogers-300x212.jpg 300w, https:\/\/blog.michaelliebert.com\/wp-content\/uploads\/2021\/08\/O\u0308BB-bewegt-Gerda-Rogers-768x543.jpg 768w, https:\/\/blog.michaelliebert.com\/wp-content\/uploads\/2021\/08\/O\u0308BB-bewegt-Gerda-Rogers-1536x1086.jpg 1536w, https:\/\/blog.michaelliebert.com\/wp-content\/uploads\/2021\/08\/O\u0308BB-bewegt-Gerda-Rogers-2048x1448.jpg 2048w, https:\/\/blog.michaelliebert.com\/wp-content\/uploads\/2021\/08\/O\u0308BB-bewegt-Gerda-Rogers-624x441.jpg 624w\" sizes=\"(max-width: 1024px) 100vw, 1024px\" \/><\/a><\/figure>\n\n\n\n<!--more-->\n\n\n\n<p>Seit 1992 ist <a href=\"https:\/\/www.rogers.at\/\" target=\"_blank\" rel=\"noreferrer noopener\">Gerda Rogers<\/a> die Konstante in den \u00d63-Sternstunden. Daneben bietet die auf Social Media aktive Astrologin (z. B. Instagram: @gerda_rogers) auch pers\u00f6nliche Beratungen in Baden und Linz an und sie ist Autorin mehrerer erfolgreicher B\u00fccher.<\/p>\n\n\n\n<figure class=\"wp-block-image size-large\"><img data-attachment-id=\"2470\" data-permalink=\"https:\/\/blog.michaelliebert.com\/?attachment_id=2470\" data-orig-file=\"https:\/\/blog.michaelliebert.com\/wp-content\/uploads\/2021\/08\/rogers22033cmichael-liebert.jpg\" data-orig-size=\"2500,1667\" data-comments-opened=\"1\" data-image-meta=\"{&quot;aperture&quot;:&quot;0&quot;,&quot;credit&quot;:&quot;Michael Liebert&quot;,&quot;camera&quot;:&quot;&quot;,&quot;caption&quot;:&quot;Abdruck unter Angabe des Fotocredits. Die Verwendung f\\u00fcr Verkaufswaren laut Vereinbarung. Die Werbung f\\u00fcr Dritte ist honorarpflichtig und bedarf der vorherigen ausdr\\u00fccklichen Zustimmung von Michael Liebert. Beachten Sie bitte die Allgemeinen Gesch\\u00e4ftsbedingungen, die Sie mit dem Download und Kauf des Bildmaterials akzeptieren.&quot;,&quot;created_timestamp&quot;:&quot;0&quot;,&quot;copyright&quot;:&quot;Michael Liebert&quot;,&quot;focal_length&quot;:&quot;0&quot;,&quot;iso&quot;:&quot;0&quot;,&quot;shutter_speed&quot;:&quot;0&quot;,&quot;title&quot;:&quot;&quot;,&quot;orientation&quot;:&quot;1&quot;}\" data-image-title=\"rogers22033(c)michael liebert\" data-image-description=\"\" data-image-caption=\"&lt;p&gt;Abdruck unter Angabe des Fotocredits. Die Verwendung f\u00fcr Verkaufswaren laut Vereinbarung. Die Werbung f\u00fcr Dritte ist honorarpflichtig und bedarf der vorherigen ausdr\u00fccklichen Zustimmung von Michael Liebert. Beachten Sie bitte die Allgemeinen Gesch\u00e4ftsbedingungen, die Sie mit dem Download und Kauf des Bildmaterials akzeptieren.&lt;\/p&gt;\n\" data-medium-file=\"https:\/\/blog.michaelliebert.com\/wp-content\/uploads\/2021\/08\/rogers22033cmichael-liebert-300x200.jpg\" data-large-file=\"https:\/\/blog.michaelliebert.com\/wp-content\/uploads\/2021\/08\/rogers22033cmichael-liebert-1024x683.jpg\" loading=\"lazy\" width=\"1024\" height=\"683\" src=\"http:\/\/blog.michaelliebert.com\/wp-content\/uploads\/2021\/08\/rogers22033cmichael-liebert-1024x683.jpg\" alt=\"\" class=\"wp-image-2470\" srcset=\"https:\/\/blog.michaelliebert.com\/wp-content\/uploads\/2021\/08\/rogers22033cmichael-liebert-1024x683.jpg 1024w, https:\/\/blog.michaelliebert.com\/wp-content\/uploads\/2021\/08\/rogers22033cmichael-liebert-300x200.jpg 300w, https:\/\/blog.michaelliebert.com\/wp-content\/uploads\/2021\/08\/rogers22033cmichael-liebert-768x512.jpg 768w, https:\/\/blog.michaelliebert.com\/wp-content\/uploads\/2021\/08\/rogers22033cmichael-liebert-1536x1024.jpg 1536w, https:\/\/blog.michaelliebert.com\/wp-content\/uploads\/2021\/08\/rogers22033cmichael-liebert-2048x1366.jpg 2048w, https:\/\/blog.michaelliebert.com\/wp-content\/uploads\/2021\/08\/rogers22033cmichael-liebert-624x416.jpg 624w\" sizes=\"(max-width: 1024px) 100vw, 1024px\" \/><\/figure>\n\n\n\n<figure class=\"wp-block-video\"><video controls src=\"http:\/\/blog.michaelliebert.com\/wp-content\/uploads\/2021\/08\/IMG_0652-2.mov\"><\/video><\/figure>\n\n\n\n<p>Mehr Bilder auf&nbsp;<a rel=\"noreferrer noopener\" href=\"https:\/\/michaelliebert.com\/\" target=\"_blank\">michaelliebert.com<\/a><\/p>\n\n\n\n<ul><li>Kunde: Rudolf Wanka &#8211; Redaktion Gerda Rogers<\/li><li>Fotografie: Michael Liebert<\/li><li>Bildbearbeitung: Michael Liebert<\/li><li>Assistenz: David Schreiber<\/li><\/ul>\n\n\n\n<p><\/p>\n","protected":false},"excerpt":{"rendered":"","protected":false},"author":2,"featured_media":0,"comment_status":"open","ping_status":"open","sticky":false,"template":"","format":"standard","meta":{"jetpack_post_was_ever_published":false,"jetpack_publicize_message":"","jetpack_is_tweetstorm":false,"jetpack_publicize_feature_enabled":true,"jetpack_social_post_already_shared":true,"jetpack_social_options":{"image_generator_settings":{"template":"highway","enabled":false}}},"categories":[7],"tags":[212,132,37,211,10,43,114,17,70,213],"jetpack_publicize_connections":[],"jetpack_featured_media_url":"","jetpack_sharing_enabled":true,"jetpack_shortlink":"https:\/\/wp.me\/p2IZn7-DR","_links":{"self":[{"href":"https:\/\/blog.michaelliebert.com\/index.php?rest_route=\/wp\/v2\/posts\/2471"}],"collection":[{"href":"https:\/\/blog.michaelliebert.com\/index.php?rest_route=\/wp\/v2\/posts"}],"about":[{"href":"https:\/\/blog.michaelliebert.com\/index.php?rest_route=\/wp\/v2\/types\/post"}],"author":[{"embeddable":true,"href":"https:\/\/blog.michaelliebert.com\/index.php?rest_route=\/wp\/v2\/users\/2"}],"replies":[{"embeddable":true,"href":"https:\/\/blog.michaelliebert.com\/index.php?rest_route=%2Fwp%2Fv2%2Fcomments&post=2471"}],"version-history":[{"count":6,"href":"https:\/\/blog.michaelliebert.com\/index.php?rest_route=\/wp\/v2\/posts\/2471\/revisions"}],"predecessor-version":[{"id":2477,"href":"https:\/\/blog.michaelliebert.com\/index.php?rest_route=\/wp\/v2\/posts\/2471\/revisions\/2477"}],"wp:attachment":[{"href":"https:\/\/blog.michaelliebert.com\/index.php?rest_route=%2Fwp%2Fv2%2Fmedia&parent=2471"}],"wp:term":[{"taxonomy":"category","embeddable":true,"href":"https:\/\/blog.michaelliebert.com\/index.php?rest_route=%2Fwp%2Fv2%2Fcategories&post=2471"},{"taxonomy":"post_tag","embeddable":true,"href":"https:\/\/blog.michaelliebert.com\/index.php?rest_route=%2Fwp%2Fv2%2Ftags&post=2471"}],"curies":[{"name":"wp","href":"https:\/\/api.w.org\/{rel}","templated":true}]}}