{"id":2378,"date":"2021-04-15T20:38:17","date_gmt":"2021-04-15T18:38:17","guid":{"rendered":"http:\/\/blog.michaelliebert.com\/?p=2378"},"modified":"2021-04-16T13:21:03","modified_gmt":"2021-04-16T11:21:03","slug":"testpage","status":"publish","type":"post","link":"https:\/\/blog.michaelliebert.com\/?p=2378","title":{"rendered":"Holz, der Baustoff des 21. Jahrhunderts"},"content":{"rendered":"\n<figure class=\"wp-block-image size-large\"><a href=\"http:\/\/blog.michaelliebert.com\/wp-content\/uploads\/2021\/02\/201002_RH_Holzkultur_21_September_2020_DE_XVI-16.jpg\" target=\"_blank\" rel=\"noopener noreferrer\"><img data-attachment-id=\"2304\" data-permalink=\"https:\/\/blog.michaelliebert.com\/?attachment_id=2304\" data-orig-file=\"https:\/\/blog.michaelliebert.com\/wp-content\/uploads\/2021\/02\/201002_RH_Holzkultur_21_September_2020_DE_XVI-16.jpg\" data-orig-size=\"2000,1414\" data-comments-opened=\"1\" data-image-meta=\"{&quot;aperture&quot;:&quot;0&quot;,&quot;credit&quot;:&quot;Michael Liebert&quot;,&quot;camera&quot;:&quot;&quot;,&quot;caption&quot;:&quot;Abdruck unter Angabe des Fotocredits. Die Verwendung f\\u00fcr Verkaufswaren laut Vereinbarung. Die Werbung f\\u00fcr Dritte ist honorarpflichtig und bedarf der vorherigen ausdr\\u00fccklichen Zustimmung von Michael Liebert. Beachten Sie bitte die Allgemeinen Gesch\\u00e4ftsbedingungen, die Sie mit dem Download und Kauf des Bildmaterials akzeptieren.&quot;,&quot;created_timestamp&quot;:&quot;0&quot;,&quot;copyright&quot;:&quot;Michael Liebert&quot;,&quot;focal_length&quot;:&quot;0&quot;,&quot;iso&quot;:&quot;0&quot;,&quot;shutter_speed&quot;:&quot;0&quot;,&quot;title&quot;:&quot;&quot;,&quot;orientation&quot;:&quot;1&quot;}\" data-image-title=\"201002_RH_Holzkultur_21_September_2020_DE_XVI-16\" data-image-description=\"&lt;p&gt;Rubner Holzbau&lt;\/p&gt;\n\" data-image-caption=\"&lt;p&gt;Abdruck unter Angabe des Fotocredits. Die Verwendung f\u00fcr Verkaufswaren laut Vereinbarung. Die Werbung f\u00fcr Dritte ist honorarpflichtig und bedarf der vorherigen ausdr\u00fccklichen Zustimmung von Michael Liebert. Beachten Sie bitte die Allgemeinen Gesch\u00e4ftsbedingungen, die Sie mit dem Download und Kauf des Bildmaterials akzeptieren.&lt;\/p&gt;\n\" data-medium-file=\"https:\/\/blog.michaelliebert.com\/wp-content\/uploads\/2021\/02\/201002_RH_Holzkultur_21_September_2020_DE_XVI-16-300x212.jpg\" data-large-file=\"https:\/\/blog.michaelliebert.com\/wp-content\/uploads\/2021\/02\/201002_RH_Holzkultur_21_September_2020_DE_XVI-16-1024x724.jpg\" loading=\"lazy\" width=\"1024\" height=\"724\" src=\"http:\/\/blog.michaelliebert.com\/wp-content\/uploads\/2021\/02\/201002_RH_Holzkultur_21_September_2020_DE_XVI-16-1024x724.jpg\" alt=\"\" class=\"wp-image-2304\" srcset=\"https:\/\/blog.michaelliebert.com\/wp-content\/uploads\/2021\/02\/201002_RH_Holzkultur_21_September_2020_DE_XVI-16-1024x724.jpg 1024w, https:\/\/blog.michaelliebert.com\/wp-content\/uploads\/2021\/02\/201002_RH_Holzkultur_21_September_2020_DE_XVI-16-300x212.jpg 300w, https:\/\/blog.michaelliebert.com\/wp-content\/uploads\/2021\/02\/201002_RH_Holzkultur_21_September_2020_DE_XVI-16-768x543.jpg 768w, https:\/\/blog.michaelliebert.com\/wp-content\/uploads\/2021\/02\/201002_RH_Holzkultur_21_September_2020_DE_XVI-16-1536x1086.jpg 1536w, https:\/\/blog.michaelliebert.com\/wp-content\/uploads\/2021\/02\/201002_RH_Holzkultur_21_September_2020_DE_XVI-16-624x441.jpg 624w, https:\/\/blog.michaelliebert.com\/wp-content\/uploads\/2021\/02\/201002_RH_Holzkultur_21_September_2020_DE_XVI-16.jpg 2000w\" sizes=\"(max-width: 1024px) 100vw, 1024px\" \/><\/a><\/figure>\n\n\n\n<p>Bildungseinrichtungen des 21. Jahrhunderts sind Orte einer neuen Lernkultur. Das neue, multifunktionale Schulzentrum in Gloggnitz ist daher gleichzeitig Arbeits- und Lernlandschaft, Ort zum Verweilen, Ort der Begegnung und St\u00e4tte, in denen Kinder und Jugendliche miteinander wachsen, Sch\u00f6nheit erfahren, Gemeinsinn entwickeln, Kreativit\u00e4t entfalten und Demokratie leben k\u00f6nnen. Zudem ist es \u2013 \u00fcber die Schulnutzung hinaus \u2013 ein kultureller Treffpunkt und Ort \u00f6ffentlicher Veranstaltungen.<\/p>\n\n\n\n<!--more-->\n\n\n\n<figure class=\"wp-block-image size-large\"><a href=\"http:\/\/blog.michaelliebert.com\/wp-content\/uploads\/2021\/02\/201002_RH_Holzkultur_21_September_2020_DE_XVI-17.jpg\" target=\"_blank\" rel=\"noopener noreferrer\"><img data-attachment-id=\"2305\" data-permalink=\"https:\/\/blog.michaelliebert.com\/?attachment_id=2305\" data-orig-file=\"https:\/\/blog.michaelliebert.com\/wp-content\/uploads\/2021\/02\/201002_RH_Holzkultur_21_September_2020_DE_XVI-17.jpg\" data-orig-size=\"2000,1414\" data-comments-opened=\"1\" data-image-meta=\"{&quot;aperture&quot;:&quot;0&quot;,&quot;credit&quot;:&quot;Michael Liebert&quot;,&quot;camera&quot;:&quot;&quot;,&quot;caption&quot;:&quot;Abdruck unter Angabe des Fotocredits. Die Verwendung f\\u00fcr Verkaufswaren laut Vereinbarung. Die Werbung f\\u00fcr Dritte ist honorarpflichtig und bedarf der vorherigen ausdr\\u00fccklichen Zustimmung von Michael Liebert. Beachten Sie bitte die Allgemeinen Gesch\\u00e4ftsbedingungen, die Sie mit dem Download und Kauf des Bildmaterials akzeptieren.&quot;,&quot;created_timestamp&quot;:&quot;0&quot;,&quot;copyright&quot;:&quot;Michael Liebert&quot;,&quot;focal_length&quot;:&quot;0&quot;,&quot;iso&quot;:&quot;0&quot;,&quot;shutter_speed&quot;:&quot;0&quot;,&quot;title&quot;:&quot;&quot;,&quot;orientation&quot;:&quot;1&quot;}\" data-image-title=\"201002_RH_Holzkultur_21_September_2020_DE_XVI-17\" data-image-description=\"\" data-image-caption=\"&lt;p&gt;Abdruck unter Angabe des Fotocredits. Die Verwendung f\u00fcr Verkaufswaren laut Vereinbarung. Die Werbung f\u00fcr Dritte ist honorarpflichtig und bedarf der vorherigen ausdr\u00fccklichen Zustimmung von Michael Liebert. Beachten Sie bitte die Allgemeinen Gesch\u00e4ftsbedingungen, die Sie mit dem Download und Kauf des Bildmaterials akzeptieren.&lt;\/p&gt;\n\" data-medium-file=\"https:\/\/blog.michaelliebert.com\/wp-content\/uploads\/2021\/02\/201002_RH_Holzkultur_21_September_2020_DE_XVI-17-300x212.jpg\" data-large-file=\"https:\/\/blog.michaelliebert.com\/wp-content\/uploads\/2021\/02\/201002_RH_Holzkultur_21_September_2020_DE_XVI-17-1024x724.jpg\" loading=\"lazy\" width=\"1024\" height=\"724\" src=\"http:\/\/blog.michaelliebert.com\/wp-content\/uploads\/2021\/02\/201002_RH_Holzkultur_21_September_2020_DE_XVI-17-1024x724.jpg\" alt=\"\" class=\"wp-image-2305\" srcset=\"https:\/\/blog.michaelliebert.com\/wp-content\/uploads\/2021\/02\/201002_RH_Holzkultur_21_September_2020_DE_XVI-17-1024x724.jpg 1024w, https:\/\/blog.michaelliebert.com\/wp-content\/uploads\/2021\/02\/201002_RH_Holzkultur_21_September_2020_DE_XVI-17-300x212.jpg 300w, https:\/\/blog.michaelliebert.com\/wp-content\/uploads\/2021\/02\/201002_RH_Holzkultur_21_September_2020_DE_XVI-17-768x543.jpg 768w, https:\/\/blog.michaelliebert.com\/wp-content\/uploads\/2021\/02\/201002_RH_Holzkultur_21_September_2020_DE_XVI-17-1536x1086.jpg 1536w, https:\/\/blog.michaelliebert.com\/wp-content\/uploads\/2021\/02\/201002_RH_Holzkultur_21_September_2020_DE_XVI-17-624x441.jpg 624w, https:\/\/blog.michaelliebert.com\/wp-content\/uploads\/2021\/02\/201002_RH_Holzkultur_21_September_2020_DE_XVI-17.jpg 2000w\" sizes=\"(max-width: 1024px) 100vw, 1024px\" \/><\/a><\/figure>\n\n\n\n<p>Rubner Holzbau verantwortete neben der Planung und Statik die Produktion, Lieferung und Montage der gro\u00dfz\u00fcgig angelegten Holz-Glas-Fassade.<\/p>\n\n\n\n<figure class=\"wp-block-image size-large\"><a href=\"http:\/\/blog.michaelliebert.com\/wp-content\/uploads\/2021\/02\/201002_RH_Holzkultur_21_September_2020_DE_XVI-18.jpg\" target=\"_blank\" rel=\"noopener noreferrer\"><img data-attachment-id=\"2306\" data-permalink=\"https:\/\/blog.michaelliebert.com\/?attachment_id=2306\" data-orig-file=\"https:\/\/blog.michaelliebert.com\/wp-content\/uploads\/2021\/02\/201002_RH_Holzkultur_21_September_2020_DE_XVI-18.jpg\" data-orig-size=\"2000,1414\" data-comments-opened=\"1\" data-image-meta=\"{&quot;aperture&quot;:&quot;0&quot;,&quot;credit&quot;:&quot;Michael Liebert&quot;,&quot;camera&quot;:&quot;&quot;,&quot;caption&quot;:&quot;Abdruck unter Angabe des Fotocredits. Die Verwendung f\\u00fcr Verkaufswaren laut Vereinbarung. Die Werbung f\\u00fcr Dritte ist honorarpflichtig und bedarf der vorherigen ausdr\\u00fccklichen Zustimmung von Michael Liebert. Beachten Sie bitte die Allgemeinen Gesch\\u00e4ftsbedingungen, die Sie mit dem Download und Kauf des Bildmaterials akzeptieren.&quot;,&quot;created_timestamp&quot;:&quot;0&quot;,&quot;copyright&quot;:&quot;Michael Liebert&quot;,&quot;focal_length&quot;:&quot;0&quot;,&quot;iso&quot;:&quot;0&quot;,&quot;shutter_speed&quot;:&quot;0&quot;,&quot;title&quot;:&quot;&quot;,&quot;orientation&quot;:&quot;1&quot;}\" data-image-title=\"201002_RH_Holzkultur_21_September_2020_DE_XVI-18\" data-image-description=\"\" data-image-caption=\"&lt;p&gt;Abdruck unter Angabe des Fotocredits. Die Verwendung f\u00fcr Verkaufswaren laut Vereinbarung. Die Werbung f\u00fcr Dritte ist honorarpflichtig und bedarf der vorherigen ausdr\u00fccklichen Zustimmung von Michael Liebert. Beachten Sie bitte die Allgemeinen Gesch\u00e4ftsbedingungen, die Sie mit dem Download und Kauf des Bildmaterials akzeptieren.&lt;\/p&gt;\n\" data-medium-file=\"https:\/\/blog.michaelliebert.com\/wp-content\/uploads\/2021\/02\/201002_RH_Holzkultur_21_September_2020_DE_XVI-18-300x212.jpg\" data-large-file=\"https:\/\/blog.michaelliebert.com\/wp-content\/uploads\/2021\/02\/201002_RH_Holzkultur_21_September_2020_DE_XVI-18-1024x724.jpg\" loading=\"lazy\" width=\"1024\" height=\"724\" src=\"http:\/\/blog.michaelliebert.com\/wp-content\/uploads\/2021\/02\/201002_RH_Holzkultur_21_September_2020_DE_XVI-18-1024x724.jpg\" alt=\"\" class=\"wp-image-2306\" srcset=\"https:\/\/blog.michaelliebert.com\/wp-content\/uploads\/2021\/02\/201002_RH_Holzkultur_21_September_2020_DE_XVI-18-1024x724.jpg 1024w, https:\/\/blog.michaelliebert.com\/wp-content\/uploads\/2021\/02\/201002_RH_Holzkultur_21_September_2020_DE_XVI-18-300x212.jpg 300w, https:\/\/blog.michaelliebert.com\/wp-content\/uploads\/2021\/02\/201002_RH_Holzkultur_21_September_2020_DE_XVI-18-768x543.jpg 768w, https:\/\/blog.michaelliebert.com\/wp-content\/uploads\/2021\/02\/201002_RH_Holzkultur_21_September_2020_DE_XVI-18-1536x1086.jpg 1536w, https:\/\/blog.michaelliebert.com\/wp-content\/uploads\/2021\/02\/201002_RH_Holzkultur_21_September_2020_DE_XVI-18-624x441.jpg 624w, https:\/\/blog.michaelliebert.com\/wp-content\/uploads\/2021\/02\/201002_RH_Holzkultur_21_September_2020_DE_XVI-18.jpg 2000w\" sizes=\"(max-width: 1024px) 100vw, 1024px\" \/><\/a><\/figure>\n\n\n\n<p>Mehr Bilder auf <a href=\"https:\/\/michaelliebert.com\/\" data-type=\"URL\" data-id=\"https:\/\/michaelliebert.com\/\" target=\"_blank\" rel=\"noreferrer noopener\">michaelliebert.com<\/a><\/p>\n\n\n\n<p>Kunde:&nbsp;Rubner Holzbau<br>Agentur:&nbsp;<a href=\"https:\/\/www.serendipity.ag\/\" data-type=\"URL\" data-id=\"https:\/\/www.serendipity.ag\/\" target=\"_blank\" rel=\"noreferrer noopener\">Serendipity GmbH<\/a><br>Fotografie: Michael Liebert<br>Bildbearbeitung: Michael Liebert<\/p>\n","protected":false},"excerpt":{"rendered":"<p>Bildungseinrichtungen des 21. Jahrhunderts sind Orte einer neuen Lernkultur. Das neue, multifunktionale Schulzentrum in Gloggnitz ist daher gleichzeitig Arbeits- und Lernlandschaft, Ort zum Verweilen, Ort der Begegnung und St\u00e4tte, in denen Kinder und Jugendliche miteinander wachsen, Sch\u00f6nheit erfahren, Gemeinsinn entwickeln, Kreativit\u00e4t entfalten und Demokratie leben k\u00f6nnen. Zudem ist es \u2013 \u00fcber die Schulnutzung hinaus \u2013 [&hellip;]<\/p>\n","protected":false},"author":2,"featured_media":0,"comment_status":"open","ping_status":"open","sticky":false,"template":"","format":"standard","meta":{"jetpack_post_was_ever_published":false,"jetpack_publicize_message":"","jetpack_is_tweetstorm":false,"jetpack_publicize_feature_enabled":true,"jetpack_social_post_already_shared":true,"jetpack_social_options":{"image_generator_settings":{"template":"highway","enabled":false}}},"categories":[7],"tags":[206,37,144,91,43,55],"jetpack_publicize_connections":[],"jetpack_featured_media_url":"","jetpack_sharing_enabled":true,"jetpack_shortlink":"https:\/\/wp.me\/s2IZn7-testpage","_links":{"self":[{"href":"https:\/\/blog.michaelliebert.com\/index.php?rest_route=\/wp\/v2\/posts\/2378"}],"collection":[{"href":"https:\/\/blog.michaelliebert.com\/index.php?rest_route=\/wp\/v2\/posts"}],"about":[{"href":"https:\/\/blog.michaelliebert.com\/index.php?rest_route=\/wp\/v2\/types\/post"}],"author":[{"embeddable":true,"href":"https:\/\/blog.michaelliebert.com\/index.php?rest_route=\/wp\/v2\/users\/2"}],"replies":[{"embeddable":true,"href":"https:\/\/blog.michaelliebert.com\/index.php?rest_route=%2Fwp%2Fv2%2Fcomments&post=2378"}],"version-history":[{"count":9,"href":"https:\/\/blog.michaelliebert.com\/index.php?rest_route=\/wp\/v2\/posts\/2378\/revisions"}],"predecessor-version":[{"id":2403,"href":"https:\/\/blog.michaelliebert.com\/index.php?rest_route=\/wp\/v2\/posts\/2378\/revisions\/2403"}],"wp:attachment":[{"href":"https:\/\/blog.michaelliebert.com\/index.php?rest_route=%2Fwp%2Fv2%2Fmedia&parent=2378"}],"wp:term":[{"taxonomy":"category","embeddable":true,"href":"https:\/\/blog.michaelliebert.com\/index.php?rest_route=%2Fwp%2Fv2%2Fcategories&post=2378"},{"taxonomy":"post_tag","embeddable":true,"href":"https:\/\/blog.michaelliebert.com\/index.php?rest_route=%2Fwp%2Fv2%2Ftags&post=2378"}],"curies":[{"name":"wp","href":"https:\/\/api.w.org\/{rel}","templated":true}]}}