{"id":2317,"date":"2021-03-09T09:30:17","date_gmt":"2021-03-09T07:30:17","guid":{"rendered":"http:\/\/blog.michaelliebert.com\/?p=2317"},"modified":"2021-04-16T13:21:39","modified_gmt":"2021-04-16T11:21:39","slug":"gerald-huether-im-interview","status":"publish","type":"post","link":"https:\/\/blog.michaelliebert.com\/?p=2317","title":{"rendered":"Gerald H\u00fcther im Interview"},"content":{"rendered":"\n<figure class=\"wp-block-image size-large\"><a href=\"https:\/\/www.momag.at\/epaper\/momag388\/6\/\" target=\"_blank\" rel=\"noopener noreferrer\"><img data-attachment-id=\"2333\" data-permalink=\"https:\/\/blog.michaelliebert.com\/?attachment_id=2333\" data-orig-file=\"https:\/\/blog.michaelliebert.com\/wp-content\/uploads\/2021\/03\/momag388_02-2021.jpg\" data-orig-size=\"2560,1318\" data-comments-opened=\"1\" data-image-meta=\"{&quot;aperture&quot;:&quot;0&quot;,&quot;credit&quot;:&quot;&quot;,&quot;camera&quot;:&quot;&quot;,&quot;caption&quot;:&quot;&quot;,&quot;created_timestamp&quot;:&quot;0&quot;,&quot;copyright&quot;:&quot;&quot;,&quot;focal_length&quot;:&quot;0&quot;,&quot;iso&quot;:&quot;0&quot;,&quot;shutter_speed&quot;:&quot;0&quot;,&quot;title&quot;:&quot;&quot;,&quot;orientation&quot;:&quot;1&quot;}\" data-image-title=\"momag388_02 2021\" data-image-description=\"\" data-image-caption=\"\" data-medium-file=\"https:\/\/blog.michaelliebert.com\/wp-content\/uploads\/2021\/03\/momag388_02-2021-300x154.jpg\" data-large-file=\"https:\/\/blog.michaelliebert.com\/wp-content\/uploads\/2021\/03\/momag388_02-2021-1024x527.jpg\" loading=\"lazy\" width=\"1024\" height=\"527\" src=\"http:\/\/blog.michaelliebert.com\/wp-content\/uploads\/2021\/03\/momag388_02-2021-1024x527.jpg\" alt=\"\" class=\"wp-image-2333\" srcset=\"https:\/\/blog.michaelliebert.com\/wp-content\/uploads\/2021\/03\/momag388_02-2021-1024x527.jpg 1024w, https:\/\/blog.michaelliebert.com\/wp-content\/uploads\/2021\/03\/momag388_02-2021-300x154.jpg 300w, https:\/\/blog.michaelliebert.com\/wp-content\/uploads\/2021\/03\/momag388_02-2021-768x395.jpg 768w, https:\/\/blog.michaelliebert.com\/wp-content\/uploads\/2021\/03\/momag388_02-2021-1536x791.jpg 1536w, https:\/\/blog.michaelliebert.com\/wp-content\/uploads\/2021\/03\/momag388_02-2021-2048x1054.jpg 2048w, https:\/\/blog.michaelliebert.com\/wp-content\/uploads\/2021\/03\/momag388_02-2021-624x321.jpg 624w\" sizes=\"(max-width: 1024px) 100vw, 1024px\" \/><\/a><\/figure>\n\n\n\n<p>Dieses Portrait entstand bei einem Shooting mit einem der bekanntesten Neurobiologen im deutschsprachigen Raum.  Ich empfinde es als Bereicherung, im Rahmen meines Jobs, Pers\u00f6nlichkeiten wie Gerald H\u00fcther privat begegnen zu k\u00f6nnen.<\/p>\n\n\n\n<!--more-->\n\n\n\n<figure class=\"wp-block-image size-large\"><a href=\"https:\/\/michaelliebert.com\/\" target=\"_blank\" rel=\"noopener noreferrer\"><img data-attachment-id=\"2332\" data-permalink=\"https:\/\/blog.michaelliebert.com\/?attachment_id=2332\" data-orig-file=\"https:\/\/blog.michaelliebert.com\/wp-content\/uploads\/2021\/03\/LIE10111cmichael-liebert.jpg\" data-orig-size=\"2560,1920\" data-comments-opened=\"1\" data-image-meta=\"{&quot;aperture&quot;:&quot;0&quot;,&quot;credit&quot;:&quot;Michael Liebert&quot;,&quot;camera&quot;:&quot;&quot;,&quot;caption&quot;:&quot;Abdruck unter Angabe des Fotocredits. Die Verwendung f\\u00fcr Verkaufswaren laut Vereinbarung. Die Werbung f\\u00fcr Dritte ist honorarpflichtig und bedarf der vorherigen ausdr\\u00fccklichen Zustimmung von Michael Liebert. Beachten Sie bitte die Allgemeinen Gesch\\u00e4ftsbedingungen, die Sie mit dem Download und Kauf des Bildmaterials akzeptieren.&quot;,&quot;created_timestamp&quot;:&quot;0&quot;,&quot;copyright&quot;:&quot;Michael Liebert&quot;,&quot;focal_length&quot;:&quot;0&quot;,&quot;iso&quot;:&quot;0&quot;,&quot;shutter_speed&quot;:&quot;0&quot;,&quot;title&quot;:&quot;&quot;,&quot;orientation&quot;:&quot;1&quot;}\" data-image-title=\"_LIE10111(c)michael liebert\" data-image-description=\"\" data-image-caption=\"&lt;p&gt;Abdruck unter Angabe des Fotocredits. Die Verwendung f\u00fcr Verkaufswaren laut Vereinbarung. Die Werbung f\u00fcr Dritte ist honorarpflichtig und bedarf der vorherigen ausdr\u00fccklichen Zustimmung von Michael Liebert. Beachten Sie bitte die Allgemeinen Gesch\u00e4ftsbedingungen, die Sie mit dem Download und Kauf des Bildmaterials akzeptieren.&lt;\/p&gt;\n\" data-medium-file=\"https:\/\/blog.michaelliebert.com\/wp-content\/uploads\/2021\/03\/LIE10111cmichael-liebert-300x225.jpg\" data-large-file=\"https:\/\/blog.michaelliebert.com\/wp-content\/uploads\/2021\/03\/LIE10111cmichael-liebert-1024x768.jpg\" loading=\"lazy\" width=\"1024\" height=\"768\" src=\"http:\/\/blog.michaelliebert.com\/wp-content\/uploads\/2021\/03\/LIE10111cmichael-liebert-1024x768.jpg\" alt=\"\" class=\"wp-image-2332\" srcset=\"https:\/\/blog.michaelliebert.com\/wp-content\/uploads\/2021\/03\/LIE10111cmichael-liebert-1024x768.jpg 1024w, https:\/\/blog.michaelliebert.com\/wp-content\/uploads\/2021\/03\/LIE10111cmichael-liebert-300x225.jpg 300w, https:\/\/blog.michaelliebert.com\/wp-content\/uploads\/2021\/03\/LIE10111cmichael-liebert-768x576.jpg 768w, https:\/\/blog.michaelliebert.com\/wp-content\/uploads\/2021\/03\/LIE10111cmichael-liebert-1536x1152.jpg 1536w, https:\/\/blog.michaelliebert.com\/wp-content\/uploads\/2021\/03\/LIE10111cmichael-liebert-2048x1536.jpg 2048w, https:\/\/blog.michaelliebert.com\/wp-content\/uploads\/2021\/03\/LIE10111cmichael-liebert-624x468.jpg 624w\" sizes=\"(max-width: 1024px) 100vw, 1024px\" \/><\/a><figcaption><em>\u00a9 Michael Liebert<\/em><\/figcaption><\/figure>\n\n\n\n<figure class=\"wp-block-image size-large\"><a href=\"https:\/\/michaelliebert.com\/\" target=\"_blank\" rel=\"noopener noreferrer\"><img data-attachment-id=\"2334\" data-permalink=\"https:\/\/blog.michaelliebert.com\/?attachment_id=2334\" data-orig-file=\"https:\/\/blog.michaelliebert.com\/wp-content\/uploads\/2021\/03\/making-of_gerald-huether.jpg\" data-orig-size=\"2560,1416\" data-comments-opened=\"1\" data-image-meta=\"{&quot;aperture&quot;:&quot;0&quot;,&quot;credit&quot;:&quot;&quot;,&quot;camera&quot;:&quot;&quot;,&quot;caption&quot;:&quot;&quot;,&quot;created_timestamp&quot;:&quot;0&quot;,&quot;copyright&quot;:&quot;&quot;,&quot;focal_length&quot;:&quot;0&quot;,&quot;iso&quot;:&quot;0&quot;,&quot;shutter_speed&quot;:&quot;0&quot;,&quot;title&quot;:&quot;&quot;,&quot;orientation&quot;:&quot;1&quot;}\" data-image-title=\"making of_gerald huether\" data-image-description=\"\" data-image-caption=\"\" data-medium-file=\"https:\/\/blog.michaelliebert.com\/wp-content\/uploads\/2021\/03\/making-of_gerald-huether-300x166.jpg\" data-large-file=\"https:\/\/blog.michaelliebert.com\/wp-content\/uploads\/2021\/03\/making-of_gerald-huether-1024x566.jpg\" loading=\"lazy\" width=\"1024\" height=\"566\" src=\"http:\/\/blog.michaelliebert.com\/wp-content\/uploads\/2021\/03\/making-of_gerald-huether-1024x566.jpg\" alt=\"\" class=\"wp-image-2334\" srcset=\"https:\/\/blog.michaelliebert.com\/wp-content\/uploads\/2021\/03\/making-of_gerald-huether-1024x566.jpg 1024w, https:\/\/blog.michaelliebert.com\/wp-content\/uploads\/2021\/03\/making-of_gerald-huether-300x166.jpg 300w, https:\/\/blog.michaelliebert.com\/wp-content\/uploads\/2021\/03\/making-of_gerald-huether-768x425.jpg 768w, https:\/\/blog.michaelliebert.com\/wp-content\/uploads\/2021\/03\/making-of_gerald-huether-1536x850.jpg 1536w, https:\/\/blog.michaelliebert.com\/wp-content\/uploads\/2021\/03\/making-of_gerald-huether-2048x1133.jpg 2048w, https:\/\/blog.michaelliebert.com\/wp-content\/uploads\/2021\/03\/making-of_gerald-huether-624x345.jpg 624w\" sizes=\"(max-width: 1024px) 100vw, 1024px\" \/><\/a><figcaption><em>\u00a9 Irina Pogonina<\/em><\/figcaption><\/figure>\n\n\n\n<p>Das Interview von Michie K\u00f6nig ist im aktuellen <a href=\"https:\/\/www.momag.at\/epaper\/momag388\/6\/\" data-type=\"URL\" data-id=\"https:\/\/www.momag.at\/epaper\/momag388\/6\/\" target=\"_blank\" rel=\"noreferrer noopener\">momag<\/a> zu lesen.<\/p>\n\n\n\n<p>Mehr Bilder auf <a href=\"https:\/\/michaelliebert.com\/\" data-type=\"URL\" data-id=\"https:\/\/michaelliebert.com\/\" target=\"_blank\" rel=\"noreferrer noopener\">michaelliebert.com<\/a><\/p>\n","protected":false},"excerpt":{"rendered":"<p>Dieses Portrait entstand bei einem Shooting mit einem der bekanntesten Neurobiologen im deutschsprachigen Raum. Ich empfinde es als Bereicherung, im Rahmen meines Jobs, Pers\u00f6nlichkeiten wie Gerald H\u00fcther privat begegnen zu k\u00f6nnen.<\/p>\n","protected":false},"author":2,"featured_media":0,"comment_status":"open","ping_status":"open","sticky":false,"template":"","format":"standard","meta":{"jetpack_post_was_ever_published":false,"jetpack_publicize_message":"","jetpack_is_tweetstorm":false,"jetpack_publicize_feature_enabled":true,"jetpack_social_post_already_shared":true,"jetpack_social_options":{"image_generator_settings":{"template":"highway","enabled":false}}},"categories":[1,7],"tags":[209,10,43,70,168,173],"jetpack_publicize_connections":[],"jetpack_featured_media_url":"","jetpack_sharing_enabled":true,"jetpack_shortlink":"https:\/\/wp.me\/p2IZn7-Bn","_links":{"self":[{"href":"https:\/\/blog.michaelliebert.com\/index.php?rest_route=\/wp\/v2\/posts\/2317"}],"collection":[{"href":"https:\/\/blog.michaelliebert.com\/index.php?rest_route=\/wp\/v2\/posts"}],"about":[{"href":"https:\/\/blog.michaelliebert.com\/index.php?rest_route=\/wp\/v2\/types\/post"}],"author":[{"embeddable":true,"href":"https:\/\/blog.michaelliebert.com\/index.php?rest_route=\/wp\/v2\/users\/2"}],"replies":[{"embeddable":true,"href":"https:\/\/blog.michaelliebert.com\/index.php?rest_route=%2Fwp%2Fv2%2Fcomments&post=2317"}],"version-history":[{"count":18,"href":"https:\/\/blog.michaelliebert.com\/index.php?rest_route=\/wp\/v2\/posts\/2317\/revisions"}],"predecessor-version":[{"id":2405,"href":"https:\/\/blog.michaelliebert.com\/index.php?rest_route=\/wp\/v2\/posts\/2317\/revisions\/2405"}],"wp:attachment":[{"href":"https:\/\/blog.michaelliebert.com\/index.php?rest_route=%2Fwp%2Fv2%2Fmedia&parent=2317"}],"wp:term":[{"taxonomy":"category","embeddable":true,"href":"https:\/\/blog.michaelliebert.com\/index.php?rest_route=%2Fwp%2Fv2%2Fcategories&post=2317"},{"taxonomy":"post_tag","embeddable":true,"href":"https:\/\/blog.michaelliebert.com\/index.php?rest_route=%2Fwp%2Fv2%2Ftags&post=2317"}],"curies":[{"name":"wp","href":"https:\/\/api.w.org\/{rel}","templated":true}]}}