{"id":2294,"date":"2021-04-15T09:13:20","date_gmt":"2021-04-15T07:13:20","guid":{"rendered":"http:\/\/blog.michaelliebert.com\/?p=2294"},"modified":"2022-06-15T14:02:39","modified_gmt":"2022-06-15T12:02:39","slug":"im-not-a-freak-im-a-scientist","status":"publish","type":"post","link":"https:\/\/blog.michaelliebert.com\/?p=2294","title":{"rendered":"I\u2019M NOT A FREAK. I\u2019M A SCIENTIST."},"content":{"rendered":"\n<p>Das Gesamtkunstwerk \u201eI\u2019m not a freak. I\u2019m a scientist.\u201c ist das Resultat einer erneuten Zusammenarbeit des Aktionsk\u00fcnstlers <a href=\"https:\/\/donhofer.com\/\" data-type=\"URL\" data-id=\"https:\/\/donhofer.com\/\" target=\"_blank\" rel=\"noreferrer noopener\">donhofer.<\/a> und des Fotografen <a href=\"https:\/\/michaelliebert.com\/\" data-type=\"URL\" data-id=\"https:\/\/michaelliebert.com\/\" target=\"_blank\" rel=\"noreferrer noopener\">Michael Liebert<\/a>.<\/p>\n\n\n\n<figure class=\"wp-block-image size-large\"><a href=\"https:\/\/michaelliebert.com\/\" target=\"_blank\" rel=\"noopener noreferrer\"><img data-attachment-id=\"2297\" data-permalink=\"https:\/\/blog.michaelliebert.com\/?attachment_id=2297\" data-orig-file=\"https:\/\/blog.michaelliebert.com\/wp-content\/uploads\/2021\/02\/JFKart208022cmichael-liebert-scaled.jpg\" data-orig-size=\"1815,2560\" data-comments-opened=\"1\" data-image-meta=\"{&quot;aperture&quot;:&quot;0&quot;,&quot;credit&quot;:&quot;Michael Liebert&quot;,&quot;camera&quot;:&quot;&quot;,&quot;caption&quot;:&quot;Abdruck unter Angabe des Fotocredits. Die Verwendung f\\u00fcr Verkaufswaren laut Vereinbarung. Die Werbung f\\u00fcr Dritte ist honorarpflichtig und bedarf der vorherigen ausdr\\u00fccklichen Zustimmung von Michael Liebert. Beachten Sie bitte die Allgemeinen Gesch\\u00e4ftsbedingungen, die Sie mit dem Download und Kauf des Bildmaterials akzeptieren.&quot;,&quot;created_timestamp&quot;:&quot;0&quot;,&quot;copyright&quot;:&quot;Michael Liebert&quot;,&quot;focal_length&quot;:&quot;0&quot;,&quot;iso&quot;:&quot;0&quot;,&quot;shutter_speed&quot;:&quot;0&quot;,&quot;title&quot;:&quot;&quot;,&quot;orientation&quot;:&quot;1&quot;}\" data-image-title=\"JFKart208022(c)michael liebert\" data-image-description=\"&lt;p&gt;JungforscherInnen Kalender 2021&lt;\/p&gt;\n\" data-image-caption=\"&lt;p&gt;Abdruck unter Angabe des Fotocredits. Die Verwendung f\u00fcr Verkaufswaren laut Vereinbarung. Die Werbung f\u00fcr Dritte ist honorarpflichtig und bedarf der vorherigen ausdr\u00fccklichen Zustimmung von Michael Liebert. Beachten Sie bitte die Allgemeinen Gesch\u00e4ftsbedingungen, die Sie mit dem Download und Kauf des Bildmaterials akzeptieren.&lt;\/p&gt;\n\" data-medium-file=\"https:\/\/blog.michaelliebert.com\/wp-content\/uploads\/2021\/02\/JFKart208022cmichael-liebert-213x300.jpg\" data-large-file=\"https:\/\/blog.michaelliebert.com\/wp-content\/uploads\/2021\/02\/JFKart208022cmichael-liebert-726x1024.jpg\" loading=\"lazy\" width=\"726\" height=\"1024\" src=\"http:\/\/blog.michaelliebert.com\/wp-content\/uploads\/2021\/02\/JFKart208022cmichael-liebert-726x1024.jpg\" alt=\"\" class=\"wp-image-2297\" srcset=\"https:\/\/blog.michaelliebert.com\/wp-content\/uploads\/2021\/02\/JFKart208022cmichael-liebert-726x1024.jpg 726w, https:\/\/blog.michaelliebert.com\/wp-content\/uploads\/2021\/02\/JFKart208022cmichael-liebert-213x300.jpg 213w, https:\/\/blog.michaelliebert.com\/wp-content\/uploads\/2021\/02\/JFKart208022cmichael-liebert-768x1084.jpg 768w, https:\/\/blog.michaelliebert.com\/wp-content\/uploads\/2021\/02\/JFKart208022cmichael-liebert-1089x1536.jpg 1089w, https:\/\/blog.michaelliebert.com\/wp-content\/uploads\/2021\/02\/JFKart208022cmichael-liebert-1452x2048.jpg 1452w, https:\/\/blog.michaelliebert.com\/wp-content\/uploads\/2021\/02\/JFKart208022cmichael-liebert-624x880.jpg 624w, https:\/\/blog.michaelliebert.com\/wp-content\/uploads\/2021\/02\/JFKart208022cmichael-liebert-scaled.jpg 1815w\" sizes=\"(max-width: 726px) 100vw, 726px\" \/><\/a><\/figure>\n\n\n\n<p>Im Rahmen des von ecoplus herausgegebenen JungforscherInnen Kalenders spielen die beiden K\u00fcnstler mit Klischees zum Thema Wissenschaft und&nbsp;Forschung. Speziell den nieder\u00f6sterreichischen NachwuchsforscherInnen soll mit diesem Kalender und Kunstwerk besonderes Augenmerk geschenkt&nbsp;werden. Statt ForscherInnen in Laborsituationen mit wei\u00dfen M\u00e4nteln und&nbsp;Pipetten zu zeigen, w\u00e4hlen Liebert und donhofer. ein sportliches Setting.&nbsp;Gemeinsam mit den JungforscherInnen kreieren die K\u00fcnstler lebendige Kunstwerke mit Charakter.&nbsp;<\/p>\n\n\n\n<!--more-->\n\n\n\n<figure class=\"wp-block-image size-large is-style-default\"><a href=\"https:\/\/michaelliebert.com\/\" target=\"_blank\" rel=\"noopener noreferrer\"><img data-attachment-id=\"2295\" data-permalink=\"https:\/\/blog.michaelliebert.com\/?attachment_id=2295\" data-orig-file=\"https:\/\/blog.michaelliebert.com\/wp-content\/uploads\/2021\/02\/JFKart208000cmichael-liebert-scaled.jpg\" data-orig-size=\"1815,2560\" data-comments-opened=\"1\" data-image-meta=\"{&quot;aperture&quot;:&quot;0&quot;,&quot;credit&quot;:&quot;Michael Liebert&quot;,&quot;camera&quot;:&quot;&quot;,&quot;caption&quot;:&quot;Abdruck unter Angabe des Fotocredits. Die Verwendung f\\u00fcr Verkaufswaren laut Vereinbarung. Die Werbung f\\u00fcr Dritte ist honorarpflichtig und bedarf der vorherigen ausdr\\u00fccklichen Zustimmung von Michael Liebert. Beachten Sie bitte die Allgemeinen Gesch\\u00e4ftsbedingungen, die Sie mit dem Download und Kauf des Bildmaterials akzeptieren.&quot;,&quot;created_timestamp&quot;:&quot;0&quot;,&quot;copyright&quot;:&quot;Michael Liebert&quot;,&quot;focal_length&quot;:&quot;0&quot;,&quot;iso&quot;:&quot;0&quot;,&quot;shutter_speed&quot;:&quot;0&quot;,&quot;title&quot;:&quot;&quot;,&quot;orientation&quot;:&quot;1&quot;}\" data-image-title=\"JFKart208000(c)michael liebert\" data-image-description=\"&lt;p&gt;JungforscherInnen Kalender 2021&lt;\/p&gt;\n\" data-image-caption=\"&lt;p&gt;Abdruck unter Angabe des Fotocredits. Die Verwendung f\u00fcr Verkaufswaren laut Vereinbarung. Die Werbung f\u00fcr Dritte ist honorarpflichtig und bedarf der vorherigen ausdr\u00fccklichen Zustimmung von Michael Liebert. Beachten Sie bitte die Allgemeinen Gesch\u00e4ftsbedingungen, die Sie mit dem Download und Kauf des Bildmaterials akzeptieren.&lt;\/p&gt;\n\" data-medium-file=\"https:\/\/blog.michaelliebert.com\/wp-content\/uploads\/2021\/02\/JFKart208000cmichael-liebert-213x300.jpg\" data-large-file=\"https:\/\/blog.michaelliebert.com\/wp-content\/uploads\/2021\/02\/JFKart208000cmichael-liebert-726x1024.jpg\" loading=\"lazy\" width=\"726\" height=\"1024\" src=\"http:\/\/blog.michaelliebert.com\/wp-content\/uploads\/2021\/02\/JFKart208000cmichael-liebert-726x1024.jpg\" alt=\"\" class=\"wp-image-2295\" srcset=\"https:\/\/blog.michaelliebert.com\/wp-content\/uploads\/2021\/02\/JFKart208000cmichael-liebert-726x1024.jpg 726w, https:\/\/blog.michaelliebert.com\/wp-content\/uploads\/2021\/02\/JFKart208000cmichael-liebert-213x300.jpg 213w, https:\/\/blog.michaelliebert.com\/wp-content\/uploads\/2021\/02\/JFKart208000cmichael-liebert-768x1084.jpg 768w, https:\/\/blog.michaelliebert.com\/wp-content\/uploads\/2021\/02\/JFKart208000cmichael-liebert-1089x1536.jpg 1089w, https:\/\/blog.michaelliebert.com\/wp-content\/uploads\/2021\/02\/JFKart208000cmichael-liebert-1452x2048.jpg 1452w, https:\/\/blog.michaelliebert.com\/wp-content\/uploads\/2021\/02\/JFKart208000cmichael-liebert-624x880.jpg 624w, https:\/\/blog.michaelliebert.com\/wp-content\/uploads\/2021\/02\/JFKart208000cmichael-liebert-scaled.jpg 1815w\" sizes=\"(max-width: 726px) 100vw, 726px\" \/><\/a><\/figure>\n\n\n\n<p>Um die unterschiedlichen Pers\u00f6nlichkeiten der einzelnen WissenschaftlerInnen in den Vordergrund zu r\u00fccken, werden passende Bewegungsabl\u00e4ufe und&nbsp;futuristische Outfits ausgew\u00e4hlt. Die \u00c4sthetik der Bilder lebt von langzeitbelichteten Fotografien, abstrakten Hintergr\u00fcnden, einer typografischen Ebene, pulsierenden Farben und den Menschen in Bewegung.&nbsp;donhofer. zeichnet mit hochpigmentierten \u00d6lstiften von Sennelier \u00fcber Michael Lieberts Fotografien. Die Portr\u00e4tfotos werden auf 305 g Hahnem\u00fchle Photo Rag Ultra Smooth gedruckt um einen m\u00f6glichst hohen Kontrast zwischen&nbsp;Fotografie und past\u00f6ser \u00d6lfarbe zu erzielen.&nbsp;<\/p>\n\n\n\n<figure class=\"wp-block-image size-large is-resized\"><a href=\"https:\/\/michaelliebert.com\/\" target=\"_blank\" rel=\"noopener noreferrer\"><img data-attachment-id=\"2296\" data-permalink=\"https:\/\/blog.michaelliebert.com\/?attachment_id=2296\" data-orig-file=\"https:\/\/blog.michaelliebert.com\/wp-content\/uploads\/2021\/02\/JFKart208016cmichael-liebert-scaled.jpg\" data-orig-size=\"1815,2560\" data-comments-opened=\"1\" data-image-meta=\"{&quot;aperture&quot;:&quot;0&quot;,&quot;credit&quot;:&quot;Michael Liebert&quot;,&quot;camera&quot;:&quot;&quot;,&quot;caption&quot;:&quot;Abdruck unter Angabe des Fotocredits. Die Verwendung f\\u00fcr Verkaufswaren laut Vereinbarung. Die Werbung f\\u00fcr Dritte ist honorarpflichtig und bedarf der vorherigen ausdr\\u00fccklichen Zustimmung von Michael Liebert. Beachten Sie bitte die Allgemeinen Gesch\\u00e4ftsbedingungen, die Sie mit dem Download und Kauf des Bildmaterials akzeptieren.&quot;,&quot;created_timestamp&quot;:&quot;0&quot;,&quot;copyright&quot;:&quot;Michael Liebert&quot;,&quot;focal_length&quot;:&quot;0&quot;,&quot;iso&quot;:&quot;0&quot;,&quot;shutter_speed&quot;:&quot;0&quot;,&quot;title&quot;:&quot;&quot;,&quot;orientation&quot;:&quot;1&quot;}\" data-image-title=\"JFKart208016(c)michael liebert\" data-image-description=\"&lt;p&gt;JungforscherInnen Kalender 2021&lt;\/p&gt;\n\" data-image-caption=\"&lt;p&gt;Abdruck unter Angabe des Fotocredits. Die Verwendung f\u00fcr Verkaufswaren laut Vereinbarung. Die Werbung f\u00fcr Dritte ist honorarpflichtig und bedarf der vorherigen ausdr\u00fccklichen Zustimmung von Michael Liebert. Beachten Sie bitte die Allgemeinen Gesch\u00e4ftsbedingungen, die Sie mit dem Download und Kauf des Bildmaterials akzeptieren.&lt;\/p&gt;\n\" data-medium-file=\"https:\/\/blog.michaelliebert.com\/wp-content\/uploads\/2021\/02\/JFKart208016cmichael-liebert-213x300.jpg\" data-large-file=\"https:\/\/blog.michaelliebert.com\/wp-content\/uploads\/2021\/02\/JFKart208016cmichael-liebert-726x1024.jpg\" loading=\"lazy\" src=\"http:\/\/blog.michaelliebert.com\/wp-content\/uploads\/2021\/02\/JFKart208016cmichael-liebert-726x1024.jpg\" alt=\"\" class=\"wp-image-2296\" width=\"580\" height=\"818\" srcset=\"https:\/\/blog.michaelliebert.com\/wp-content\/uploads\/2021\/02\/JFKart208016cmichael-liebert-726x1024.jpg 726w, https:\/\/blog.michaelliebert.com\/wp-content\/uploads\/2021\/02\/JFKart208016cmichael-liebert-213x300.jpg 213w, https:\/\/blog.michaelliebert.com\/wp-content\/uploads\/2021\/02\/JFKart208016cmichael-liebert-768x1084.jpg 768w, https:\/\/blog.michaelliebert.com\/wp-content\/uploads\/2021\/02\/JFKart208016cmichael-liebert-1089x1536.jpg 1089w, https:\/\/blog.michaelliebert.com\/wp-content\/uploads\/2021\/02\/JFKart208016cmichael-liebert-1452x2048.jpg 1452w, https:\/\/blog.michaelliebert.com\/wp-content\/uploads\/2021\/02\/JFKart208016cmichael-liebert-624x880.jpg 624w, https:\/\/blog.michaelliebert.com\/wp-content\/uploads\/2021\/02\/JFKart208016cmichael-liebert-scaled.jpg 1815w\" sizes=\"(max-width: 580px) 100vw, 580px\" \/><\/a><\/figure>\n\n\n\n<p>donhofer. und Liebert schaffen mit ihrem Gesamtkunstwerk \u201eI\u2019m not a freak. I\u2019m a scientist.\u201c Bilderwelten, die von Weitsicht, Innovation und Zukunft&nbsp;erz\u00e4hlen.<\/p>\n\n\n\n<p>Mehr Bilder auf  <strong><a rel=\"noreferrer noopener\" href=\"https:\/\/michaelliebert.com\/\" data-type=\"URL\" data-id=\"https:\/\/michaelliebert.com\/\" target=\"_blank\">michaelliebert.com<\/a><\/strong><\/p>\n\n\n\n<p>Kunde:&nbsp;ecoplus &#8211; Wirtschaftsagentur<br>Produktionsleitung: Karin Herzog<br>Fotografie: Michael Liebert<br>K\u00fcnstlerische Leitung &amp; Art Direktion: <a rel=\"noreferrer noopener\" href=\"https:\/\/donhofer.com\/\" data-type=\"URL\" data-id=\"https:\/\/donhofer.com\/\" target=\"_blank\">donhofer<\/a><a href=\"https:\/\/donhofer.com\/\" data-type=\"URL\" data-id=\"https:\/\/donhofer.com\/\">.<\/a><br>Bildbearbeitung: Michael Liebert<br>Make up Artist:&nbsp;<a rel=\"noreferrer noopener\" target=\"_blank\" href=\"https:\/\/www.makeupandhair.at\/\">Ursula Grimm<\/a><\/p>\n\n\n\n<p><\/p>\n","protected":false},"excerpt":{"rendered":"<p>Das Gesamtkunstwerk \u201eI\u2019m not a freak. I\u2019m a scientist.\u201c ist das Resultat einer erneuten Zusammenarbeit des Aktionsk\u00fcnstlers donhofer. und des Fotografen Michael Liebert. Im Rahmen des von ecoplus herausgegebenen JungforscherInnen Kalenders spielen die beiden K\u00fcnstler mit Klischees zum Thema Wissenschaft und&nbsp;Forschung. Speziell den nieder\u00f6sterreichischen NachwuchsforscherInnen soll mit diesem Kalender und Kunstwerk besonderes Augenmerk geschenkt&nbsp;werden. Statt [&hellip;]<\/p>\n","protected":false},"author":2,"featured_media":0,"comment_status":"closed","ping_status":"closed","sticky":false,"template":"","format":"standard","meta":{"jetpack_post_was_ever_published":false,"jetpack_publicize_message":"","jetpack_is_tweetstorm":false,"jetpack_publicize_feature_enabled":true,"jetpack_social_post_already_shared":true,"jetpack_social_options":{"image_generator_settings":{"template":"highway","enabled":false}}},"categories":[7],"tags":[202,183,203,37,164,62,92,10,43,54,117],"jetpack_publicize_connections":[],"jetpack_featured_media_url":"","jetpack_sharing_enabled":true,"jetpack_shortlink":"https:\/\/wp.me\/p2IZn7-B0","_links":{"self":[{"href":"https:\/\/blog.michaelliebert.com\/index.php?rest_route=\/wp\/v2\/posts\/2294"}],"collection":[{"href":"https:\/\/blog.michaelliebert.com\/index.php?rest_route=\/wp\/v2\/posts"}],"about":[{"href":"https:\/\/blog.michaelliebert.com\/index.php?rest_route=\/wp\/v2\/types\/post"}],"author":[{"embeddable":true,"href":"https:\/\/blog.michaelliebert.com\/index.php?rest_route=\/wp\/v2\/users\/2"}],"replies":[{"embeddable":true,"href":"https:\/\/blog.michaelliebert.com\/index.php?rest_route=%2Fwp%2Fv2%2Fcomments&post=2294"}],"version-history":[{"count":10,"href":"https:\/\/blog.michaelliebert.com\/index.php?rest_route=\/wp\/v2\/posts\/2294\/revisions"}],"predecessor-version":[{"id":2404,"href":"https:\/\/blog.michaelliebert.com\/index.php?rest_route=\/wp\/v2\/posts\/2294\/revisions\/2404"}],"wp:attachment":[{"href":"https:\/\/blog.michaelliebert.com\/index.php?rest_route=%2Fwp%2Fv2%2Fmedia&parent=2294"}],"wp:term":[{"taxonomy":"category","embeddable":true,"href":"https:\/\/blog.michaelliebert.com\/index.php?rest_route=%2Fwp%2Fv2%2Fcategories&post=2294"},{"taxonomy":"post_tag","embeddable":true,"href":"https:\/\/blog.michaelliebert.com\/index.php?rest_route=%2Fwp%2Fv2%2Ftags&post=2294"}],"curies":[{"name":"wp","href":"https:\/\/api.w.org\/{rel}","templated":true}]}}