{"id":2279,"date":"2020-05-16T14:12:56","date_gmt":"2020-05-16T12:12:56","guid":{"rendered":"http:\/\/blog.michaelliebert.com\/?p=2279"},"modified":"2022-05-03T23:08:38","modified_gmt":"2022-05-03T21:08:38","slug":"wirlebennoch-die-kuenstlerinnen","status":"publish","type":"post","link":"https:\/\/blog.michaelliebert.com\/?p=2279","title":{"rendered":"#wirlebennoch &#8211; Die K\u00fcnstler*innen"},"content":{"rendered":"<p><img data-attachment-id=\"2281\" data-permalink=\"https:\/\/blog.michaelliebert.com\/?attachment_id=2281\" data-orig-file=\"https:\/\/blog.michaelliebert.com\/wp-content\/uploads\/2020\/05\/2LI7198cmichael-liebert.jpg\" data-orig-size=\"2816,1877\" data-comments-opened=\"1\" data-image-meta=\"{&quot;aperture&quot;:&quot;0&quot;,&quot;credit&quot;:&quot;MICHAEL LIEBERT&quot;,&quot;camera&quot;:&quot;&quot;,&quot;caption&quot;:&quot;Abdruck unter Angabe des Fotocredits. Die Verwendung f\\u00fcr Verkaufswaren laut Vereinbarung. Die Werbung f\\u00fcr Dritte ist honorarpflichtig und bedarf der vorherigen ausdr\\u00fccklichen Zustimmung von michael liebert photography.&quot;,&quot;created_timestamp&quot;:&quot;1387577223&quot;,&quot;copyright&quot;:&quot;Berufsfotograf&quot;,&quot;focal_length&quot;:&quot;0&quot;,&quot;iso&quot;:&quot;0&quot;,&quot;shutter_speed&quot;:&quot;0&quot;,&quot;title&quot;:&quot;&quot;,&quot;orientation&quot;:&quot;1&quot;}\" data-image-title=\"_2LI7198(c)michael liebert\" data-image-description=\"\" data-image-caption=\"&lt;p&gt;Abdruck unter Angabe des Fotocredits. Die Verwendung f\u00fcr Verkaufswaren laut Vereinbarung. Die Werbung f\u00fcr Dritte ist honorarpflichtig und bedarf der vorherigen ausdr\u00fccklichen Zustimmung von michael liebert photography.&lt;\/p&gt;\n\" data-medium-file=\"https:\/\/blog.michaelliebert.com\/wp-content\/uploads\/2020\/05\/2LI7198cmichael-liebert-300x200.jpg\" data-large-file=\"https:\/\/blog.michaelliebert.com\/wp-content\/uploads\/2020\/05\/2LI7198cmichael-liebert-1024x683.jpg\" loading=\"lazy\" class=\"wp-image-2281\" src=\"http:\/\/blog.michaelliebert.com\/wp-content\/uploads\/2020\/05\/2LI7198cmichael-liebert.jpg\" alt=\"\" width=\"600\" height=\"400\" srcset=\"https:\/\/blog.michaelliebert.com\/wp-content\/uploads\/2020\/05\/2LI7198cmichael-liebert.jpg 2816w, https:\/\/blog.michaelliebert.com\/wp-content\/uploads\/2020\/05\/2LI7198cmichael-liebert-300x200.jpg 300w, https:\/\/blog.michaelliebert.com\/wp-content\/uploads\/2020\/05\/2LI7198cmichael-liebert-768x512.jpg 768w, https:\/\/blog.michaelliebert.com\/wp-content\/uploads\/2020\/05\/2LI7198cmichael-liebert-1024x683.jpg 1024w, https:\/\/blog.michaelliebert.com\/wp-content\/uploads\/2020\/05\/2LI7198cmichael-liebert-624x416.jpg 624w\" sizes=\"(max-width: 600px) 100vw, 600px\" \/><br \/>\n#wirlebennoch verl\u00e4sst das Netz und findet ihren Platz im \u00f6ffentlichen Raum. Vergangene Woche postete der Aktionsk\u00fcnstler donhofer. hunderte Todesmeldungen von verstorbenen K\u00fcnstler*innen in den sozialen Medien \u2013 diese Woche setzt er seine Arbeit im \u00f6ffentlichen Raum fort. In Wien und St. P\u00f6lten initiierte der K\u00fcnstler eine Plakat- und Citylightskampagne mit dem Schriftzug &#8222;#wirlebennoch &#8211; Die K\u00fcnstler*innen&#8220;, um die Notwendigkeit einer lebendigen Kunst und Kulturlandschaft aufzuzeigen.<!--more--><\/p>\n<blockquote><p>Obwohl die Politik selten eine M\u00f6glichkeit ausl\u00e4sst, um \u00d6sterreich das Kulturnation-Pickerl aufzudr\u00fccken, frage ich mich seit einigen Tagen, welchen Stellenwert Kunst und Kultur in unserem Land hat. Dass K\u00fcnstler*innen mit Almosen und Hinhaltetaktik abgespeist werden, w\u00e4hrend gro\u00dfe Wirtschaftsunternehmen unverh\u00e4ltnism\u00e4\u00dfig hohe Hilfsleistungen bekommen, ist in meinen Augen eine Verh\u00f6hnung &#8211; eine Verh\u00f6hnung aller K\u00fcnstler*innen, Veranstalter*innen und letzten Endes aller, die Kunst und Kultur konsumieren.<\/p>\n<p><a href=\"https:\/\/michaelliebert.com\/portfolio\/freie-arbeiten\/galerie-wirlebennoch\" target=\"_blank\" rel=\"noopener noreferrer\"><strong>Bildserie der Kunstaktion<\/strong><\/a><\/p><\/blockquote>\n<p>Konzept: donhofer.<br \/>\nFotografie: Michael Liebert<br \/>\nBildbearbeitung: Michael Liebert<\/p>\n","protected":false},"excerpt":{"rendered":"<p>#wirlebennoch verl\u00e4sst das Netz und findet ihren Platz im \u00f6ffentlichen Raum. Vergangene Woche postete der Aktionsk\u00fcnstler donhofer. hunderte Todesmeldungen von verstorbenen K\u00fcnstler*innen in den sozialen Medien \u2013 diese Woche setzt er seine Arbeit im \u00f6ffentlichen Raum fort. In Wien und St. P\u00f6lten initiierte der K\u00fcnstler eine Plakat- und Citylightskampagne mit dem Schriftzug &#8222;#wirlebennoch &#8211; Die [&hellip;]<\/p>\n","protected":false},"author":2,"featured_media":0,"comment_status":"closed","ping_status":"closed","sticky":false,"template":"","format":"standard","meta":{"jetpack_post_was_ever_published":false,"jetpack_publicize_message":"","jetpack_is_tweetstorm":false,"jetpack_publicize_feature_enabled":true,"jetpack_social_post_already_shared":true,"jetpack_social_options":{"image_generator_settings":{"template":"highway","enabled":false}}},"categories":[5],"tags":[183,38,181,37,18,201,92,200,10,43],"jetpack_publicize_connections":[],"jetpack_featured_media_url":"","jetpack_sharing_enabled":true,"jetpack_shortlink":"https:\/\/wp.me\/p2IZn7-AL","_links":{"self":[{"href":"https:\/\/blog.michaelliebert.com\/index.php?rest_route=\/wp\/v2\/posts\/2279"}],"collection":[{"href":"https:\/\/blog.michaelliebert.com\/index.php?rest_route=\/wp\/v2\/posts"}],"about":[{"href":"https:\/\/blog.michaelliebert.com\/index.php?rest_route=\/wp\/v2\/types\/post"}],"author":[{"embeddable":true,"href":"https:\/\/blog.michaelliebert.com\/index.php?rest_route=\/wp\/v2\/users\/2"}],"replies":[{"embeddable":true,"href":"https:\/\/blog.michaelliebert.com\/index.php?rest_route=%2Fwp%2Fv2%2Fcomments&post=2279"}],"version-history":[{"count":6,"href":"https:\/\/blog.michaelliebert.com\/index.php?rest_route=\/wp\/v2\/posts\/2279\/revisions"}],"predecessor-version":[{"id":2723,"href":"https:\/\/blog.michaelliebert.com\/index.php?rest_route=\/wp\/v2\/posts\/2279\/revisions\/2723"}],"wp:attachment":[{"href":"https:\/\/blog.michaelliebert.com\/index.php?rest_route=%2Fwp%2Fv2%2Fmedia&parent=2279"}],"wp:term":[{"taxonomy":"category","embeddable":true,"href":"https:\/\/blog.michaelliebert.com\/index.php?rest_route=%2Fwp%2Fv2%2Fcategories&post=2279"},{"taxonomy":"post_tag","embeddable":true,"href":"https:\/\/blog.michaelliebert.com\/index.php?rest_route=%2Fwp%2Fv2%2Ftags&post=2279"}],"curies":[{"name":"wp","href":"https:\/\/api.w.org\/{rel}","templated":true}]}}