{"id":2170,"date":"2019-07-14T11:28:00","date_gmt":"2019-07-14T09:28:00","guid":{"rendered":"http:\/\/blog.michaelliebert.com\/?p=2170"},"modified":"2019-07-14T11:41:57","modified_gmt":"2019-07-14T09:41:57","slug":"podcast-martin-doersch","status":"publish","type":"post","link":"https:\/\/blog.michaelliebert.com\/?p=2170","title":{"rendered":"Podcast &#8211; Michael Liebert"},"content":{"rendered":"<p><img data-attachment-id=\"1872\" data-permalink=\"https:\/\/blog.michaelliebert.com\/?attachment_id=1872\" data-orig-file=\"https:\/\/blog.michaelliebert.com\/wp-content\/uploads\/2016\/06\/michael-liebert-werbefotograf-niederoesterreich.jpg\" data-orig-size=\"600,600\" data-comments-opened=\"0\" data-image-meta=\"{&quot;aperture&quot;:&quot;0&quot;,&quot;credit&quot;:&quot;&quot;,&quot;camera&quot;:&quot;&quot;,&quot;caption&quot;:&quot;&quot;,&quot;created_timestamp&quot;:&quot;0&quot;,&quot;copyright&quot;:&quot;Berufsfotograf&quot;,&quot;focal_length&quot;:&quot;0&quot;,&quot;iso&quot;:&quot;0&quot;,&quot;shutter_speed&quot;:&quot;0&quot;,&quot;title&quot;:&quot;&quot;,&quot;orientation&quot;:&quot;0&quot;}\" data-image-title=\"michael-liebert-werbefotograf-niederoesterreich\" data-image-description=\"\" data-image-caption=\"\" data-medium-file=\"https:\/\/blog.michaelliebert.com\/wp-content\/uploads\/2016\/06\/michael-liebert-werbefotograf-niederoesterreich-300x300.jpg\" data-large-file=\"https:\/\/blog.michaelliebert.com\/wp-content\/uploads\/2016\/06\/michael-liebert-werbefotograf-niederoesterreich.jpg\" loading=\"lazy\" class=\"alignleft size-full wp-image-1872\" src=\"http:\/\/blog.michaelliebert.com\/wp-content\/uploads\/2016\/06\/michael-liebert-werbefotograf-niederoesterreich.jpg\" alt=\"\" width=\"600\" height=\"600\" srcset=\"https:\/\/blog.michaelliebert.com\/wp-content\/uploads\/2016\/06\/michael-liebert-werbefotograf-niederoesterreich.jpg 600w, https:\/\/blog.michaelliebert.com\/wp-content\/uploads\/2016\/06\/michael-liebert-werbefotograf-niederoesterreich-150x150.jpg 150w, https:\/\/blog.michaelliebert.com\/wp-content\/uploads\/2016\/06\/michael-liebert-werbefotograf-niederoesterreich-300x300.jpg 300w\" sizes=\"(max-width: 600px) 100vw, 600px\" \/><br \/>\nIn der Bildbesprechung redet <a href=\"https:\/\/www.martindoersch.at\/\" target=\"_blank\" rel=\"noopener\">Martin D\u00f6rsch<\/a> &#8211; Softwaretrainer, Fotograf &amp; Content Creator &#8211;\u00a0 mit FotografInnen und Personen aus dem Fotografie-Umfeld \u00fcber deren Art zu sehen und zu arbeiten.<br \/>\nViel Spa\u00df beim Zuh\u00f6ren!.<\/p>\n<p><a href=\"https:\/\/www.martindoersch.at\/2019\/07\/bb088-michael-liebert\/\" target=\"_blank\" rel=\"noopener\"><strong>Podcast von Michael Liebert<\/strong><\/a><\/p>\n<blockquote><p><em>&#8230; und zu sehen gibt&#8217;s hier auch was &#8230; <strong><a href=\"http:\/\/www.michaelliebert.com\/\" target=\"_blank\" rel=\"noopener\">Portfolio &#8211; Michael Liebert<\/a><\/strong><\/em><\/p><\/blockquote>\n","protected":false},"excerpt":{"rendered":"<p>In der Bildbesprechung redet Martin D\u00f6rsch &#8211; Softwaretrainer, Fotograf &amp; Content Creator &#8211;\u00a0 mit FotografInnen und Personen aus dem Fotografie-Umfeld \u00fcber deren Art zu sehen und zu arbeiten. Viel Spa\u00df beim Zuh\u00f6ren!. Podcast von Michael Liebert &#8230; und zu sehen gibt&#8217;s hier auch was &#8230; Portfolio &#8211; Michael Liebert<\/p>\n","protected":false},"author":2,"featured_media":0,"comment_status":"open","ping_status":"open","sticky":false,"template":"","format":"standard","meta":{"jetpack_post_was_ever_published":false,"jetpack_publicize_message":"","jetpack_is_tweetstorm":false,"jetpack_publicize_feature_enabled":true,"jetpack_social_post_already_shared":true,"jetpack_social_options":{"image_generator_settings":{"template":"highway","enabled":false}}},"categories":[1,7],"tags":[132,179,178,10,177,180,55,116],"jetpack_publicize_connections":[],"jetpack_featured_media_url":"","jetpack_sharing_enabled":true,"jetpack_shortlink":"https:\/\/wp.me\/p2IZn7-z0","_links":{"self":[{"href":"https:\/\/blog.michaelliebert.com\/index.php?rest_route=\/wp\/v2\/posts\/2170"}],"collection":[{"href":"https:\/\/blog.michaelliebert.com\/index.php?rest_route=\/wp\/v2\/posts"}],"about":[{"href":"https:\/\/blog.michaelliebert.com\/index.php?rest_route=\/wp\/v2\/types\/post"}],"author":[{"embeddable":true,"href":"https:\/\/blog.michaelliebert.com\/index.php?rest_route=\/wp\/v2\/users\/2"}],"replies":[{"embeddable":true,"href":"https:\/\/blog.michaelliebert.com\/index.php?rest_route=%2Fwp%2Fv2%2Fcomments&post=2170"}],"version-history":[{"count":12,"href":"https:\/\/blog.michaelliebert.com\/index.php?rest_route=\/wp\/v2\/posts\/2170\/revisions"}],"predecessor-version":[{"id":2183,"href":"https:\/\/blog.michaelliebert.com\/index.php?rest_route=\/wp\/v2\/posts\/2170\/revisions\/2183"}],"wp:attachment":[{"href":"https:\/\/blog.michaelliebert.com\/index.php?rest_route=%2Fwp%2Fv2%2Fmedia&parent=2170"}],"wp:term":[{"taxonomy":"category","embeddable":true,"href":"https:\/\/blog.michaelliebert.com\/index.php?rest_route=%2Fwp%2Fv2%2Fcategories&post=2170"},{"taxonomy":"post_tag","embeddable":true,"href":"https:\/\/blog.michaelliebert.com\/index.php?rest_route=%2Fwp%2Fv2%2Ftags&post=2170"}],"curies":[{"name":"wp","href":"https:\/\/api.w.org\/{rel}","templated":true}]}}