{"id":2142,"date":"2019-01-25T10:29:22","date_gmt":"2019-01-25T08:29:22","guid":{"rendered":"http:\/\/blog.michaelliebert.com\/?p=2142"},"modified":"2021-04-16T13:53:33","modified_gmt":"2021-04-16T11:53:33","slug":"portraitserie-von-michael-liebert-der-forschung-ein-gesicht-geben","status":"publish","type":"post","link":"https:\/\/blog.michaelliebert.com\/?p=2142","title":{"rendered":"Portraitserie von Michael Liebert &#8211; Der Forschung ein Gesicht geben"},"content":{"rendered":"<p><a href=\"http:\/\/www.michaelliebert.com\/\" target=\"_blank\" rel=\"noopener noreferrer\"><img data-attachment-id=\"2143\" data-permalink=\"https:\/\/blog.michaelliebert.com\/?attachment_id=2143\" data-orig-file=\"https:\/\/blog.michaelliebert.com\/wp-content\/uploads\/2019\/01\/science-michael-liebert.jpg\" data-orig-size=\"1200,600\" data-comments-opened=\"1\" data-image-meta=\"{&quot;aperture&quot;:&quot;0&quot;,&quot;credit&quot;:&quot;&quot;,&quot;camera&quot;:&quot;&quot;,&quot;caption&quot;:&quot;&quot;,&quot;created_timestamp&quot;:&quot;0&quot;,&quot;copyright&quot;:&quot;Berufsfotograf&quot;,&quot;focal_length&quot;:&quot;0&quot;,&quot;iso&quot;:&quot;0&quot;,&quot;shutter_speed&quot;:&quot;0&quot;,&quot;title&quot;:&quot;&quot;,&quot;orientation&quot;:&quot;0&quot;}\" data-image-title=\"science-michael-liebert\" data-image-description=\"\" data-image-caption=\"\" data-medium-file=\"https:\/\/blog.michaelliebert.com\/wp-content\/uploads\/2019\/01\/science-michael-liebert-300x150.jpg\" data-large-file=\"https:\/\/blog.michaelliebert.com\/wp-content\/uploads\/2019\/01\/science-michael-liebert-1024x512.jpg\" loading=\"lazy\" class=\"alignleft wp-image-2143 size-full\" title=\"Foto: Michael Liebert\" src=\"http:\/\/blog.michaelliebert.com\/wp-content\/uploads\/2019\/01\/science-michael-liebert.jpg\" alt=\"\" width=\"1200\" height=\"600\" srcset=\"https:\/\/blog.michaelliebert.com\/wp-content\/uploads\/2019\/01\/science-michael-liebert.jpg 1200w, https:\/\/blog.michaelliebert.com\/wp-content\/uploads\/2019\/01\/science-michael-liebert-300x150.jpg 300w, https:\/\/blog.michaelliebert.com\/wp-content\/uploads\/2019\/01\/science-michael-liebert-768x384.jpg 768w, https:\/\/blog.michaelliebert.com\/wp-content\/uploads\/2019\/01\/science-michael-liebert-1024x512.jpg 1024w, https:\/\/blog.michaelliebert.com\/wp-content\/uploads\/2019\/01\/science-michael-liebert-624x312.jpg 624w\" sizes=\"(max-width: 1200px) 100vw, 1200px\" \/><\/a><br \/>\necoplus &#8211; Nieder\u00f6sterreichs Wirtschaftsagentur &#8211; pr\u00e4sentiert bereits zum zweiten Mal den Nieder\u00f6sterreichischen JungforscherInnen-Kalender und<!--more--> betont damit, wie wichtig die Arbeit unserer jungen Forscherinnen und Forscher fur die wirtschaftliche Entwicklung unseres Landes ist.<br \/>\nIch hab bereits den ersten JungforscherInnen-Kalender k\u00fcnstlerisch umgesetzt und auch diesmal die Forscherinnen und Forscher an ihren Arbeitsst\u00e4tten fotografiert und so ein europaweit einzigartiges Kunstprojekt fortgesetzt, das in einer besonderen Art Kunst und Wissenschaft vereint.<\/p>\n<blockquote><p><strong>\u201eMir war es wichtig, die Pers\u00f6nlichkeiten dieser jungen Menschen ins Bild zu r\u00fccken. Denn nur so kann es gelingen, dass sich die Betrachter mit ihnen identifizieren. Neugierde und Kreativit\u00e4t vereinen Kunst und Wissenschaft\u201c.<\/strong><\/p><\/blockquote>\n","protected":false},"excerpt":{"rendered":"<p>ecoplus &#8211; Nieder\u00f6sterreichs Wirtschaftsagentur &#8211; pr\u00e4sentiert bereits zum zweiten Mal den Nieder\u00f6sterreichischen JungforscherInnen-Kalender und<\/p>\n","protected":false},"author":2,"featured_media":0,"comment_status":"open","ping_status":"open","sticky":false,"template":"","format":"standard","meta":{"jetpack_post_was_ever_published":false,"jetpack_publicize_message":"","jetpack_is_tweetstorm":false,"jetpack_publicize_feature_enabled":true,"jetpack_social_post_already_shared":true,"jetpack_social_options":{"image_generator_settings":{"template":"highway","enabled":false}}},"categories":[7],"tags":[163,171,165,164,172,167,10,148,169,170,114,17,168,173,55,116,166],"jetpack_publicize_connections":[],"jetpack_featured_media_url":"","jetpack_sharing_enabled":true,"jetpack_shortlink":"https:\/\/wp.me\/p2IZn7-yy","_links":{"self":[{"href":"https:\/\/blog.michaelliebert.com\/index.php?rest_route=\/wp\/v2\/posts\/2142"}],"collection":[{"href":"https:\/\/blog.michaelliebert.com\/index.php?rest_route=\/wp\/v2\/posts"}],"about":[{"href":"https:\/\/blog.michaelliebert.com\/index.php?rest_route=\/wp\/v2\/types\/post"}],"author":[{"embeddable":true,"href":"https:\/\/blog.michaelliebert.com\/index.php?rest_route=\/wp\/v2\/users\/2"}],"replies":[{"embeddable":true,"href":"https:\/\/blog.michaelliebert.com\/index.php?rest_route=%2Fwp%2Fv2%2Fcomments&post=2142"}],"version-history":[{"count":6,"href":"https:\/\/blog.michaelliebert.com\/index.php?rest_route=\/wp\/v2\/posts\/2142\/revisions"}],"predecessor-version":[{"id":2417,"href":"https:\/\/blog.michaelliebert.com\/index.php?rest_route=\/wp\/v2\/posts\/2142\/revisions\/2417"}],"wp:attachment":[{"href":"https:\/\/blog.michaelliebert.com\/index.php?rest_route=%2Fwp%2Fv2%2Fmedia&parent=2142"}],"wp:term":[{"taxonomy":"category","embeddable":true,"href":"https:\/\/blog.michaelliebert.com\/index.php?rest_route=%2Fwp%2Fv2%2Fcategories&post=2142"},{"taxonomy":"post_tag","embeddable":true,"href":"https:\/\/blog.michaelliebert.com\/index.php?rest_route=%2Fwp%2Fv2%2Ftags&post=2142"}],"curies":[{"name":"wp","href":"https:\/\/api.w.org\/{rel}","templated":true}]}}