{"id":2133,"date":"2019-01-12T10:07:49","date_gmt":"2019-01-12T08:07:49","guid":{"rendered":"http:\/\/blog.michaelliebert.com\/?p=2133"},"modified":"2021-04-16T13:53:51","modified_gmt":"2021-04-16T11:53:51","slug":"world-photographic-cup-2019-michael-liebert-im-team-austria","status":"publish","type":"post","link":"https:\/\/blog.michaelliebert.com\/?p=2133","title":{"rendered":"World Photographic Cup 2019  &#8211; Michael Liebert im Team Austria"},"content":{"rendered":"<p style=\"text-align: left;\"><img data-attachment-id=\"2134\" data-permalink=\"https:\/\/blog.michaelliebert.com\/?attachment_id=2134\" data-orig-file=\"https:\/\/blog.michaelliebert.com\/wp-content\/uploads\/2019\/01\/wpc-michael-liebert-600px.jpg\" data-orig-size=\"600,761\" data-comments-opened=\"1\" data-image-meta=\"{&quot;aperture&quot;:&quot;0&quot;,&quot;credit&quot;:&quot;&quot;,&quot;camera&quot;:&quot;&quot;,&quot;caption&quot;:&quot;&quot;,&quot;created_timestamp&quot;:&quot;0&quot;,&quot;copyright&quot;:&quot;Berufsfotograf&quot;,&quot;focal_length&quot;:&quot;0&quot;,&quot;iso&quot;:&quot;0&quot;,&quot;shutter_speed&quot;:&quot;0&quot;,&quot;title&quot;:&quot;&quot;,&quot;orientation&quot;:&quot;0&quot;}\" data-image-title=\"wpc-michael-liebert-600px\" data-image-description=\"\" data-image-caption=\"\" data-medium-file=\"https:\/\/blog.michaelliebert.com\/wp-content\/uploads\/2019\/01\/wpc-michael-liebert-600px-237x300.jpg\" data-large-file=\"https:\/\/blog.michaelliebert.com\/wp-content\/uploads\/2019\/01\/wpc-michael-liebert-600px.jpg\" loading=\"lazy\" class=\"alignleft size-full wp-image-2134\" src=\"http:\/\/blog.michaelliebert.com\/wp-content\/uploads\/2019\/01\/wpc-michael-liebert-600px.jpg\" alt=\"\" width=\"600\" height=\"761\" srcset=\"https:\/\/blog.michaelliebert.com\/wp-content\/uploads\/2019\/01\/wpc-michael-liebert-600px.jpg 600w, https:\/\/blog.michaelliebert.com\/wp-content\/uploads\/2019\/01\/wpc-michael-liebert-600px-237x300.jpg 237w\" sizes=\"(max-width: 600px) 100vw, 600px\" \/><br \/>\nDie weltweit f\u00fchrenden Organisationen professioneller Fotografie von 4 Kontinenten veranstalten j\u00e4hrlich den \u201eWorld Photographic Cup\u201c, <!--more-->um auf internationalem Parkett die besten fotografischen Arbeiten zu pr\u00e4mieren. Nationenteams aus ca. 30 L\u00e4ndern stellen sich mit ihren besten FotografInnen j\u00e4hrlich dieser Fotografen-Olympiade, deren Teilnehmer-Bilder zuvor in einer nationalen Vorausscheidung ausgew\u00e4hlt wurden, um ihr Land beim World Photographic Cup zu vertreten.<\/p>\n<p style=\"text-align: left;\">Die Fotoarbeit wurde f\u00fcr eine Werbekampagne f\u00fcr die <a href=\"http:\/\/www.stoelner.at\/\" target=\"_blank\" rel=\"noopener noreferrer\">Firma Stolner<\/a>, eine Firma, die hochwertige Catering-Ausr\u00fcstung produziert, geschaffen. Der Anspruch der Firma ist es, eine gute Qualit\u00e4t des Essens zu garantieren, sowie die Qualit\u00e4t mit dem Lieferservice zu erhalten. Das Foto ist ein &#8222;Hingucker&#8220; und die humorvolle Umsetzung soll dem Betrachter den Zugang zum Thema erleichtern.<\/p>\n<blockquote>\n<p style=\"text-align: left;\"><strong>Es freut mich sehr beim World Photographic Cup 2019 das National Photographic Team of Austria mit diesem Bild vertreten zu d\u00fcrfen.<\/strong><\/p>\n<\/blockquote>\n","protected":false},"excerpt":{"rendered":"<p>Die weltweit f\u00fchrenden Organisationen professioneller Fotografie von 4 Kontinenten veranstalten j\u00e4hrlich den \u201eWorld Photographic Cup\u201c,<\/p>\n","protected":false},"author":2,"featured_media":0,"comment_status":"open","ping_status":"open","sticky":false,"template":"","format":"standard","meta":{"jetpack_post_was_ever_published":false,"jetpack_publicize_message":"","jetpack_is_tweetstorm":false,"jetpack_publicize_feature_enabled":true,"jetpack_social_post_already_shared":true,"jetpack_social_options":{"image_generator_settings":{"template":"highway","enabled":false}}},"categories":[1,7],"tags":[159,163,38,160,161,71,162,122,10,43,153,114,54,158,157],"jetpack_publicize_connections":[],"jetpack_featured_media_url":"","jetpack_sharing_enabled":true,"jetpack_shortlink":"https:\/\/wp.me\/p2IZn7-yp","_links":{"self":[{"href":"https:\/\/blog.michaelliebert.com\/index.php?rest_route=\/wp\/v2\/posts\/2133"}],"collection":[{"href":"https:\/\/blog.michaelliebert.com\/index.php?rest_route=\/wp\/v2\/posts"}],"about":[{"href":"https:\/\/blog.michaelliebert.com\/index.php?rest_route=\/wp\/v2\/types\/post"}],"author":[{"embeddable":true,"href":"https:\/\/blog.michaelliebert.com\/index.php?rest_route=\/wp\/v2\/users\/2"}],"replies":[{"embeddable":true,"href":"https:\/\/blog.michaelliebert.com\/index.php?rest_route=%2Fwp%2Fv2%2Fcomments&post=2133"}],"version-history":[{"count":7,"href":"https:\/\/blog.michaelliebert.com\/index.php?rest_route=\/wp\/v2\/posts\/2133\/revisions"}],"predecessor-version":[{"id":2418,"href":"https:\/\/blog.michaelliebert.com\/index.php?rest_route=\/wp\/v2\/posts\/2133\/revisions\/2418"}],"wp:attachment":[{"href":"https:\/\/blog.michaelliebert.com\/index.php?rest_route=%2Fwp%2Fv2%2Fmedia&parent=2133"}],"wp:term":[{"taxonomy":"category","embeddable":true,"href":"https:\/\/blog.michaelliebert.com\/index.php?rest_route=%2Fwp%2Fv2%2Fcategories&post=2133"},{"taxonomy":"post_tag","embeddable":true,"href":"https:\/\/blog.michaelliebert.com\/index.php?rest_route=%2Fwp%2Fv2%2Ftags&post=2133"}],"curies":[{"name":"wp","href":"https:\/\/api.w.org\/{rel}","templated":true}]}}