{"id":2055,"date":"2018-10-10T19:28:07","date_gmt":"2018-10-10T17:28:07","guid":{"rendered":"http:\/\/blog.michaelliebert.com\/?p=2055"},"modified":"2021-04-16T13:54:57","modified_gmt":"2021-04-16T11:54:57","slug":"noe-tage-der-offenen-ateliers-werkschau-2018-michael-liebert","status":"publish","type":"post","link":"https:\/\/blog.michaelliebert.com\/?p=2055","title":{"rendered":"N\u00d6 Tage der Offenen Ateliers &#8211; Michael Liebert"},"content":{"rendered":"<p><img data-attachment-id=\"2058\" data-permalink=\"https:\/\/blog.michaelliebert.com\/?attachment_id=2058\" data-orig-file=\"https:\/\/blog.michaelliebert.com\/wp-content\/uploads\/2018\/10\/header_tdoa18.jpg\" data-orig-size=\"600,335\" data-comments-opened=\"0\" data-image-meta=\"{&quot;aperture&quot;:&quot;0&quot;,&quot;credit&quot;:&quot;&quot;,&quot;camera&quot;:&quot;&quot;,&quot;caption&quot;:&quot;&quot;,&quot;created_timestamp&quot;:&quot;0&quot;,&quot;copyright&quot;:&quot;&quot;,&quot;focal_length&quot;:&quot;0&quot;,&quot;iso&quot;:&quot;0&quot;,&quot;shutter_speed&quot;:&quot;0&quot;,&quot;title&quot;:&quot;&quot;,&quot;orientation&quot;:&quot;0&quot;}\" data-image-title=\"header_tdoa18\" data-image-description=\"\" data-image-caption=\"\" data-medium-file=\"https:\/\/blog.michaelliebert.com\/wp-content\/uploads\/2018\/10\/header_tdoa18-300x168.jpg\" data-large-file=\"https:\/\/blog.michaelliebert.com\/wp-content\/uploads\/2018\/10\/header_tdoa18.jpg\" loading=\"lazy\" class=\"alignleft size-full wp-image-2058\" src=\"http:\/\/blog.michaelliebert.com\/wp-content\/uploads\/2018\/10\/header_tdoa18.jpg\" alt=\"\" width=\"600\" height=\"335\" srcset=\"https:\/\/blog.michaelliebert.com\/wp-content\/uploads\/2018\/10\/header_tdoa18.jpg 600w, https:\/\/blog.michaelliebert.com\/wp-content\/uploads\/2018\/10\/header_tdoa18-300x168.jpg 300w\" sizes=\"(max-width: 600px) 100vw, 600px\" \/><br \/>\nAm 20. und 21. Oktober 2018 \u00f6ffne ich wieder die T\u00fcren zu meinem Atelier in der Sterngasse 19 in Melk.<\/p>\n<p>Die Besucher k\u00f6nnen<!--more--> mir begegnen oder auch einfach nur in gem\u00fctlicher Atmosph\u00e4re in die Kunstwerke eintauchen &#8211; individuell oder gef\u00fchrt.<br \/>\nDie Einladung richtet sich an alle Interessierten, sich ein Bild von meinem heimischen Kunstgeschehen zu machen.<br \/>\nAusdrucksstarke Gesichter, Bilder mit Geschichte und ein Auszug meines k\u00fcnstlerischen Schaffens laden das Auge des Betrachters zu einem kurzweiligen Nachmittag ein.<\/p>\n<p>Ich freue mich auf viele bekannte Gesichter, neue Begegnungen und inspirierende Gespr\u00e4che.<\/p>\n<p><a href=\"http:\/\/www.michaelliebert.com\/\" target=\"_blank\" rel=\"noopener noreferrer\">www.michaelliebert.com<\/a><\/p>\n<p><a href=\"https:\/\/www.kulturvernetzung.at\/de\/michaelliebert\/\" target=\"_blank\" rel=\"noopener noreferrer\">www.kulturvernetzung.at<\/a><\/p>\n<p>20. und 21. Oktober 2018<br \/>\njeweils 14 \u2013 18 uhr<br \/>\nAtelier sterngasse<br \/>\nSterngasse 19<br \/>\n3390 Melk<\/p>\n","protected":false},"excerpt":{"rendered":"<p>Am 20. und 21. Oktober 2018 \u00f6ffne ich wieder die T\u00fcren zu meinem Atelier in der Sterngasse 19 in Melk. Die Besucher k\u00f6nnen<\/p>\n","protected":false},"author":2,"featured_media":0,"comment_status":"closed","ping_status":"open","sticky":false,"template":"","format":"standard","meta":{"jetpack_post_was_ever_published":false,"jetpack_publicize_message":"","jetpack_is_tweetstorm":false,"jetpack_publicize_feature_enabled":true,"jetpack_social_post_already_shared":true,"jetpack_social_options":{"image_generator_settings":{"template":"highway","enabled":false}}},"categories":[1],"tags":[151,62,18,107,51,91,43,70,150],"jetpack_publicize_connections":[],"jetpack_featured_media_url":"","jetpack_sharing_enabled":true,"jetpack_shortlink":"https:\/\/wp.me\/p2IZn7-x9","_links":{"self":[{"href":"https:\/\/blog.michaelliebert.com\/index.php?rest_route=\/wp\/v2\/posts\/2055"}],"collection":[{"href":"https:\/\/blog.michaelliebert.com\/index.php?rest_route=\/wp\/v2\/posts"}],"about":[{"href":"https:\/\/blog.michaelliebert.com\/index.php?rest_route=\/wp\/v2\/types\/post"}],"author":[{"embeddable":true,"href":"https:\/\/blog.michaelliebert.com\/index.php?rest_route=\/wp\/v2\/users\/2"}],"replies":[{"embeddable":true,"href":"https:\/\/blog.michaelliebert.com\/index.php?rest_route=%2Fwp%2Fv2%2Fcomments&post=2055"}],"version-history":[{"count":7,"href":"https:\/\/blog.michaelliebert.com\/index.php?rest_route=\/wp\/v2\/posts\/2055\/revisions"}],"predecessor-version":[{"id":2421,"href":"https:\/\/blog.michaelliebert.com\/index.php?rest_route=\/wp\/v2\/posts\/2055\/revisions\/2421"}],"wp:attachment":[{"href":"https:\/\/blog.michaelliebert.com\/index.php?rest_route=%2Fwp%2Fv2%2Fmedia&parent=2055"}],"wp:term":[{"taxonomy":"category","embeddable":true,"href":"https:\/\/blog.michaelliebert.com\/index.php?rest_route=%2Fwp%2Fv2%2Fcategories&post=2055"},{"taxonomy":"post_tag","embeddable":true,"href":"https:\/\/blog.michaelliebert.com\/index.php?rest_route=%2Fwp%2Fv2%2Ftags&post=2055"}],"curies":[{"name":"wp","href":"https:\/\/api.w.org\/{rel}","templated":true}]}}