{"id":1971,"date":"2017-09-20T17:25:23","date_gmt":"2017-09-20T15:25:23","guid":{"rendered":"http:\/\/blog.michaelliebert.com\/?p=1971"},"modified":"2024-07-15T18:56:57","modified_gmt":"2024-07-15T16:56:57","slug":"agrarmarkt-austria-taetigkeitsbericht-2016","status":"publish","type":"post","link":"https:\/\/blog.michaelliebert.com\/?p=1971","title":{"rendered":"Agrarmarkt Austria &#8211; T\u00e4tigkeitsbericht 2016"},"content":{"rendered":"<p><img data-attachment-id=\"1972\" data-permalink=\"https:\/\/blog.michaelliebert.com\/?attachment_id=1972\" data-orig-file=\"https:\/\/blog.michaelliebert.com\/wp-content\/uploads\/2017\/09\/agrarmarkt-austria-17-cover-blog-michael-liebert.jpg\" data-orig-size=\"600,424\" data-comments-opened=\"0\" data-image-meta=\"{&quot;aperture&quot;:&quot;0&quot;,&quot;credit&quot;:&quot;&quot;,&quot;camera&quot;:&quot;&quot;,&quot;caption&quot;:&quot;&quot;,&quot;created_timestamp&quot;:&quot;0&quot;,&quot;copyright&quot;:&quot;&quot;,&quot;focal_length&quot;:&quot;0&quot;,&quot;iso&quot;:&quot;0&quot;,&quot;shutter_speed&quot;:&quot;0&quot;,&quot;title&quot;:&quot;&quot;,&quot;orientation&quot;:&quot;0&quot;}\" data-image-title=\"agrarmarkt-austria-17-cover-blog-michael-liebert\" data-image-description=\"\" data-image-caption=\"\" data-medium-file=\"https:\/\/blog.michaelliebert.com\/wp-content\/uploads\/2017\/09\/agrarmarkt-austria-17-cover-blog-michael-liebert-300x212.jpg\" data-large-file=\"https:\/\/blog.michaelliebert.com\/wp-content\/uploads\/2017\/09\/agrarmarkt-austria-17-cover-blog-michael-liebert.jpg\" loading=\"lazy\" class=\"alignleft size-full wp-image-1972\" src=\"http:\/\/blog.michaelliebert.com\/wp-content\/uploads\/2017\/09\/agrarmarkt-austria-17-cover-blog-michael-liebert.jpg\" alt=\"\" width=\"600\" height=\"424\" srcset=\"https:\/\/blog.michaelliebert.com\/wp-content\/uploads\/2017\/09\/agrarmarkt-austria-17-cover-blog-michael-liebert.jpg 600w, https:\/\/blog.michaelliebert.com\/wp-content\/uploads\/2017\/09\/agrarmarkt-austria-17-cover-blog-michael-liebert-300x212.jpg 300w\" sizes=\"(max-width: 600px) 100vw, 600px\" \/><br \/>\nIm Fr\u00fchjahr durfte ich zusammen mit einem wunderbaren Team den T\u00e4tigkeitsbericht 2016 mitgestalten.<\/p>\n<ul style=\"list-style-type: circle;\">\n<li>Herausgeber: Agrarmarkt Austria<\/li>\n<li>Projektleitung: Manuela Sch\u00fcrr &amp; Andrea Giffinger<\/li>\n<li>Grafik: G\u00fcnther Bauer &#8211; Studio Gubo<\/li>\n<li>Fotografie: Michael Liebert<\/li>\n<li>Druck: Druckhaus Thalerhofer<\/li>\n<\/ul>\n","protected":false},"excerpt":{"rendered":"<p>Im Fr\u00fchjahr durfte ich zusammen mit einem wunderbaren Team den T\u00e4tigkeitsbericht 2016 mitgestalten. Herausgeber: Agrarmarkt Austria Projektleitung: Manuela Sch\u00fcrr &amp; Andrea Giffinger Grafik: G\u00fcnther Bauer &#8211; Studio Gubo Fotografie: Michael Liebert Druck: Druckhaus Thalerhofer<\/p>\n","protected":false},"author":2,"featured_media":0,"comment_status":"closed","ping_status":"closed","sticky":false,"template":"","format":"standard","meta":{"jetpack_post_was_ever_published":false,"jetpack_publicize_message":"","jetpack_is_tweetstorm":false,"jetpack_publicize_feature_enabled":true,"jetpack_social_post_already_shared":true,"jetpack_social_options":{"image_generator_settings":{"template":"highway","enabled":false}}},"categories":[1,7],"tags":[93,124,125,126,71,39,10,43],"jetpack_publicize_connections":[],"jetpack_featured_media_url":"","jetpack_sharing_enabled":true,"jetpack_shortlink":"https:\/\/wp.me\/p2IZn7-vN","_links":{"self":[{"href":"https:\/\/blog.michaelliebert.com\/index.php?rest_route=\/wp\/v2\/posts\/1971"}],"collection":[{"href":"https:\/\/blog.michaelliebert.com\/index.php?rest_route=\/wp\/v2\/posts"}],"about":[{"href":"https:\/\/blog.michaelliebert.com\/index.php?rest_route=\/wp\/v2\/types\/post"}],"author":[{"embeddable":true,"href":"https:\/\/blog.michaelliebert.com\/index.php?rest_route=\/wp\/v2\/users\/2"}],"replies":[{"embeddable":true,"href":"https:\/\/blog.michaelliebert.com\/index.php?rest_route=%2Fwp%2Fv2%2Fcomments&post=1971"}],"version-history":[{"count":5,"href":"https:\/\/blog.michaelliebert.com\/index.php?rest_route=\/wp\/v2\/posts\/1971\/revisions"}],"predecessor-version":[{"id":3175,"href":"https:\/\/blog.michaelliebert.com\/index.php?rest_route=\/wp\/v2\/posts\/1971\/revisions\/3175"}],"wp:attachment":[{"href":"https:\/\/blog.michaelliebert.com\/index.php?rest_route=%2Fwp%2Fv2%2Fmedia&parent=1971"}],"wp:term":[{"taxonomy":"category","embeddable":true,"href":"https:\/\/blog.michaelliebert.com\/index.php?rest_route=%2Fwp%2Fv2%2Fcategories&post=1971"},{"taxonomy":"post_tag","embeddable":true,"href":"https:\/\/blog.michaelliebert.com\/index.php?rest_route=%2Fwp%2Fv2%2Ftags&post=1971"}],"curies":[{"name":"wp","href":"https:\/\/api.w.org\/{rel}","templated":true}]}}