{"id":1927,"date":"2017-06-12T08:32:17","date_gmt":"2017-06-12T06:32:17","guid":{"rendered":"http:\/\/blog.michaelliebert.com\/?p=1927"},"modified":"2018-10-11T22:29:12","modified_gmt":"2018-10-11T20:29:12","slug":"power-frauen-power","status":"publish","type":"post","link":"https:\/\/blog.michaelliebert.com\/?p=1927","title":{"rendered":"power.FRAUEN.power"},"content":{"rendered":"<p><img data-attachment-id=\"1928\" data-permalink=\"https:\/\/blog.michaelliebert.com\/?attachment_id=1928\" data-orig-file=\"https:\/\/blog.michaelliebert.com\/wp-content\/uploads\/2017\/06\/women-michael-liebert.jpg\" data-orig-size=\"600,400\" data-comments-opened=\"0\" data-image-meta=\"{&quot;aperture&quot;:&quot;0&quot;,&quot;credit&quot;:&quot;&quot;,&quot;camera&quot;:&quot;&quot;,&quot;caption&quot;:&quot;&quot;,&quot;created_timestamp&quot;:&quot;0&quot;,&quot;copyright&quot;:&quot;Berufsfotograf&quot;,&quot;focal_length&quot;:&quot;0&quot;,&quot;iso&quot;:&quot;0&quot;,&quot;shutter_speed&quot;:&quot;0&quot;,&quot;title&quot;:&quot;&quot;,&quot;orientation&quot;:&quot;0&quot;}\" data-image-title=\"women-michael-liebert\" data-image-description=\"\" data-image-caption=\"\" data-medium-file=\"https:\/\/blog.michaelliebert.com\/wp-content\/uploads\/2017\/06\/women-michael-liebert-300x200.jpg\" data-large-file=\"https:\/\/blog.michaelliebert.com\/wp-content\/uploads\/2017\/06\/women-michael-liebert.jpg\" loading=\"lazy\" class=\"alignleft size-full wp-image-1928\" src=\"http:\/\/blog.michaelliebert.com\/wp-content\/uploads\/2017\/06\/women-michael-liebert.jpg\" alt=\"women-michael-liebert\" width=\"600\" height=\"400\" srcset=\"https:\/\/blog.michaelliebert.com\/wp-content\/uploads\/2017\/06\/women-michael-liebert.jpg 600w, https:\/\/blog.michaelliebert.com\/wp-content\/uploads\/2017\/06\/women-michael-liebert-300x200.jpg 300w\" sizes=\"(max-width: 600px) 100vw, 600px\" \/><br \/>\nN\u00f6ART l\u00e4dt ein zur Vernissage der Ausstellung<\/p>\n<p>power.FRAUEN.power<\/p>\n<p>am Mittwoch, dem 14. Juni 2017, um 19:30 Uhr<br \/>\nim Haus der Kunst, Kaiser Franz Ring 7, 2500 Baden<\/p>\n<p>Begru\u00dfung<br \/>\nGemeinderat Michael Capek<br \/>\nRoswitha Straihammer, Leitung N\u00f6ART<\/p>\n<p>Einfuhrende Worte<br \/>\nJudith.P.Fischer, Kuratorin der Ausstellung<\/p>\n<p>Er\u00f6ffnung<br \/>\nAbgeordneter zum N\u00d6 Landtag Christoph Kainz<br \/>\nin Vertretung von Landeshauptfrau Johanna Mikl-Leitner<\/p>\n<p>In der Ausstellung sind folgende Kunstlerinnen und Kunstler<br \/>\nvertreten:<br \/>\nLisa B\u00e4ck, Ruth Brauner, Petra Buchegger, VALIE EXPORT, Franziska<br \/>\nMaderthaner, Gabriele Fulterer\/Christine Scherrer, K.U.SCH.,<br \/>\nMichael Liebert, Gabi Mitterer, Annerose Riedl, Giovanni Rindler,<br \/>\nChristiane Spatt, Bruno Walpoth<\/p>\n<p>Ausstellungsdauer<br \/>\n15. &#8211; 25. Juni 2017<\/p>\n<p>\u00d6ffnungszeiten<br \/>\nDi-So und Feiertag 10-12 Uhr und 15-18 Uhr<\/p>\n","protected":false},"excerpt":{"rendered":"<p>N\u00f6ART l\u00e4dt ein zur Vernissage der Ausstellung power.FRAUEN.power am Mittwoch, dem 14. Juni 2017, um 19:30 Uhr im Haus der Kunst, Kaiser Franz Ring 7, 2500 Baden Begru\u00dfung Gemeinderat Michael Capek Roswitha Straihammer, Leitung N\u00f6ART Einfuhrende Worte Judith.P.Fischer, Kuratorin der Ausstellung Er\u00f6ffnung Abgeordneter zum N\u00d6 Landtag Christoph Kainz in Vertretung von Landeshauptfrau Johanna Mikl-Leitner In [&hellip;]<\/p>\n","protected":false},"author":2,"featured_media":0,"comment_status":"closed","ping_status":"open","sticky":false,"template":"","format":"standard","meta":{"jetpack_post_was_ever_published":false,"jetpack_publicize_message":"","jetpack_is_tweetstorm":false,"jetpack_publicize_feature_enabled":true,"jetpack_social_post_already_shared":true,"jetpack_social_options":{"image_generator_settings":{"template":"highway","enabled":false}}},"categories":[5,1],"tags":[38,110,112,108,111,107,10,43,58,109],"jetpack_publicize_connections":[],"jetpack_featured_media_url":"","jetpack_sharing_enabled":true,"jetpack_shortlink":"https:\/\/wp.me\/p2IZn7-v5","_links":{"self":[{"href":"https:\/\/blog.michaelliebert.com\/index.php?rest_route=\/wp\/v2\/posts\/1927"}],"collection":[{"href":"https:\/\/blog.michaelliebert.com\/index.php?rest_route=\/wp\/v2\/posts"}],"about":[{"href":"https:\/\/blog.michaelliebert.com\/index.php?rest_route=\/wp\/v2\/types\/post"}],"author":[{"embeddable":true,"href":"https:\/\/blog.michaelliebert.com\/index.php?rest_route=\/wp\/v2\/users\/2"}],"replies":[{"embeddable":true,"href":"https:\/\/blog.michaelliebert.com\/index.php?rest_route=%2Fwp%2Fv2%2Fcomments&post=1927"}],"version-history":[{"count":6,"href":"https:\/\/blog.michaelliebert.com\/index.php?rest_route=\/wp\/v2\/posts\/1927\/revisions"}],"predecessor-version":[{"id":2085,"href":"https:\/\/blog.michaelliebert.com\/index.php?rest_route=\/wp\/v2\/posts\/1927\/revisions\/2085"}],"wp:attachment":[{"href":"https:\/\/blog.michaelliebert.com\/index.php?rest_route=%2Fwp%2Fv2%2Fmedia&parent=1927"}],"wp:term":[{"taxonomy":"category","embeddable":true,"href":"https:\/\/blog.michaelliebert.com\/index.php?rest_route=%2Fwp%2Fv2%2Fcategories&post=1927"},{"taxonomy":"post_tag","embeddable":true,"href":"https:\/\/blog.michaelliebert.com\/index.php?rest_route=%2Fwp%2Fv2%2Ftags&post=1927"}],"curies":[{"name":"wp","href":"https:\/\/api.w.org\/{rel}","templated":true}]}}