{"id":1878,"date":"2016-09-12T09:53:26","date_gmt":"2016-09-12T07:53:26","guid":{"rendered":"http:\/\/blog.michaelliebert.com\/?p=1878"},"modified":"2018-10-11T22:31:48","modified_gmt":"2018-10-11T20:31:48","slug":"mit-weitem-blick-niederoesterreich-in-landschaftsportraets","status":"publish","type":"post","link":"https:\/\/blog.michaelliebert.com\/?p=1878","title":{"rendered":"Mit weitem Blick &#8211; Nieder\u00f6sterreich in Landschaftsportr\u00e4ts"},"content":{"rendered":"<p><img data-attachment-id=\"1879\" data-permalink=\"https:\/\/blog.michaelliebert.com\/?attachment_id=1879\" data-orig-file=\"https:\/\/blog.michaelliebert.com\/wp-content\/uploads\/2016\/09\/michael-liebert-landschaftsfotograf-buch.jpg\" data-orig-size=\"600,400\" data-comments-opened=\"0\" data-image-meta=\"{&quot;aperture&quot;:&quot;0&quot;,&quot;credit&quot;:&quot;&quot;,&quot;camera&quot;:&quot;&quot;,&quot;caption&quot;:&quot;&quot;,&quot;created_timestamp&quot;:&quot;0&quot;,&quot;copyright&quot;:&quot;&quot;,&quot;focal_length&quot;:&quot;0&quot;,&quot;iso&quot;:&quot;0&quot;,&quot;shutter_speed&quot;:&quot;0&quot;,&quot;title&quot;:&quot;&quot;,&quot;orientation&quot;:&quot;0&quot;}\" data-image-title=\"michael-liebert-landschaftsfotograf-buch\" data-image-description=\"\" data-image-caption=\"\" data-medium-file=\"https:\/\/blog.michaelliebert.com\/wp-content\/uploads\/2016\/09\/michael-liebert-landschaftsfotograf-buch-300x200.jpg\" data-large-file=\"https:\/\/blog.michaelliebert.com\/wp-content\/uploads\/2016\/09\/michael-liebert-landschaftsfotograf-buch.jpg\" loading=\"lazy\" class=\"alignleft wp-image-1879 size-full\" title=\"\u00a9 Michael Liebert\" src=\"http:\/\/blog.michaelliebert.com\/wp-content\/uploads\/2016\/09\/michael-liebert-landschaftsfotograf-buch.jpg\" alt=\"michael-liebert-landschaftsfotograf-buch\" width=\"600\" height=\"400\" srcset=\"https:\/\/blog.michaelliebert.com\/wp-content\/uploads\/2016\/09\/michael-liebert-landschaftsfotograf-buch.jpg 600w, https:\/\/blog.michaelliebert.com\/wp-content\/uploads\/2016\/09\/michael-liebert-landschaftsfotograf-buch-300x200.jpg 300w\" sizes=\"(max-width: 600px) 100vw, 600px\" \/> Weinlandschaften und sanfte Flussufer, Wiesen und Almen, enge T\u00e4ler und weite Ebenen, sanfte Hu\u0308gel und raue Felsen: Nieder\u00f6sterreich zeigt sich in einer landschaftlichen Vielfalt, die so nah beisammen in Mitteleuropa nirgends woanders zu finden ist. Seit 3 Jahren bin ich hier unterwegs um die sch\u00f6nsten Pl\u00e4tze die Nieder\u00f6sterreich zu bieten hat zu fotografieren. Seit 3 Jahren habe ich die Idee davon ein Buch zu machen. Nun wird daraus Wirklichkeit. Unterst\u00fctz vom Grafikb\u00fcro <a href=\"http:\/\/www.boutiquebrutal.com\/boutique_brutal\/Boutique_Brutal.html\" target=\"_blank\" rel=\"noopener\">Boutique Brutal<\/a> und Uschi Korda, Autorin und Chefredakteurin von \u201eServus in Stadt &amp; Land\u201c. Vielen Dank!<\/p>\n<p><a href=\"https:\/\/www.amazon.de\/Mit-weitem-Blick-Nieder%C3%B6sterreich-Landschaftsportr%C3%A4ts\/dp\/3710401224\/ref=sr_1_1?ie=UTF8&amp;qid=1472829591&amp;sr=8-1&amp;keywords=mit+weitem+blick\" target=\"_blank\" rel=\"noopener\"><strong>Mit weitem Blick<\/strong> &#8211; Nieder\u00f6sterreich in Landschaftsportr\u00e4ts<\/a><br \/>\n<a href=\"https:\/\/www.amazon.de\/Mit-weitem-Blick-Nieder%C3%B6sterreich-Landschaftsportr%C3%A4ts\/dp\/3710401224\/ref=sr_1_1?ie=UTF8&amp;qid=1472829591&amp;sr=8-1&amp;keywords=mit+weitem+blick\" target=\"_blank\" rel=\"noopener\"> Gebundene Ausgabe \u2013 ab 21. September 2016<\/a><\/p>\n","protected":false},"excerpt":{"rendered":"<p>Weinlandschaften und sanfte Flussufer, Wiesen und Almen, enge T\u00e4ler und weite Ebenen, sanfte Hu\u0308gel und raue Felsen: Nieder\u00f6sterreich zeigt sich in einer landschaftlichen Vielfalt, die so nah beisammen in Mitteleuropa nirgends woanders zu finden ist. Seit 3 Jahren bin ich hier unterwegs um die sch\u00f6nsten Pl\u00e4tze die Nieder\u00f6sterreich zu bieten hat zu fotografieren. Seit 3 [&hellip;]<\/p>\n","protected":false},"author":2,"featured_media":0,"comment_status":"closed","ping_status":"open","sticky":false,"template":"","format":"standard","meta":{"jetpack_post_was_ever_published":false,"jetpack_publicize_message":"","jetpack_is_tweetstorm":false,"jetpack_publicize_feature_enabled":true,"jetpack_social_post_already_shared":true,"jetpack_social_options":{"image_generator_settings":{"template":"highway","enabled":false}}},"categories":[1,7],"tags":[103,59,10,43,102,85],"jetpack_publicize_connections":[],"jetpack_featured_media_url":"","jetpack_sharing_enabled":true,"jetpack_shortlink":"https:\/\/wp.me\/p2IZn7-ui","_links":{"self":[{"href":"https:\/\/blog.michaelliebert.com\/index.php?rest_route=\/wp\/v2\/posts\/1878"}],"collection":[{"href":"https:\/\/blog.michaelliebert.com\/index.php?rest_route=\/wp\/v2\/posts"}],"about":[{"href":"https:\/\/blog.michaelliebert.com\/index.php?rest_route=\/wp\/v2\/types\/post"}],"author":[{"embeddable":true,"href":"https:\/\/blog.michaelliebert.com\/index.php?rest_route=\/wp\/v2\/users\/2"}],"replies":[{"embeddable":true,"href":"https:\/\/blog.michaelliebert.com\/index.php?rest_route=%2Fwp%2Fv2%2Fcomments&post=1878"}],"version-history":[{"count":10,"href":"https:\/\/blog.michaelliebert.com\/index.php?rest_route=\/wp\/v2\/posts\/1878\/revisions"}],"predecessor-version":[{"id":2088,"href":"https:\/\/blog.michaelliebert.com\/index.php?rest_route=\/wp\/v2\/posts\/1878\/revisions\/2088"}],"wp:attachment":[{"href":"https:\/\/blog.michaelliebert.com\/index.php?rest_route=%2Fwp%2Fv2%2Fmedia&parent=1878"}],"wp:term":[{"taxonomy":"category","embeddable":true,"href":"https:\/\/blog.michaelliebert.com\/index.php?rest_route=%2Fwp%2Fv2%2Fcategories&post=1878"},{"taxonomy":"post_tag","embeddable":true,"href":"https:\/\/blog.michaelliebert.com\/index.php?rest_route=%2Fwp%2Fv2%2Ftags&post=1878"}],"curies":[{"name":"wp","href":"https:\/\/api.w.org\/{rel}","templated":true}]}}