{"id":1838,"date":"2016-06-20T09:47:30","date_gmt":"2016-06-20T07:47:30","guid":{"rendered":"http:\/\/blog.michaelliebert.com\/?p=1838"},"modified":"2024-07-15T18:57:40","modified_gmt":"2024-07-15T16:57:40","slug":"agrarmarkt-austria-taetigkeitsbericht","status":"publish","type":"post","link":"https:\/\/blog.michaelliebert.com\/?p=1838","title":{"rendered":"AGRARMARKT AUSTRIA &#8211; T\u00c4TIGKEITSBERICHT"},"content":{"rendered":"<p><img data-attachment-id=\"1843\" data-permalink=\"https:\/\/blog.michaelliebert.com\/?attachment_id=1843\" data-orig-file=\"https:\/\/blog.michaelliebert.com\/wp-content\/uploads\/2016\/06\/agrarmarkt-austria-michael-liebert-werbefotograf-blog-cover.jpg\" data-orig-size=\"600,848\" data-comments-opened=\"0\" data-image-meta=\"{&quot;aperture&quot;:&quot;0&quot;,&quot;credit&quot;:&quot;&quot;,&quot;camera&quot;:&quot;&quot;,&quot;caption&quot;:&quot;&quot;,&quot;created_timestamp&quot;:&quot;0&quot;,&quot;copyright&quot;:&quot;&quot;,&quot;focal_length&quot;:&quot;0&quot;,&quot;iso&quot;:&quot;0&quot;,&quot;shutter_speed&quot;:&quot;0&quot;,&quot;title&quot;:&quot;&quot;,&quot;orientation&quot;:&quot;0&quot;}\" data-image-title=\"agrarmarkt-austria-michael-liebert-werbefotograf-blog-cover\" data-image-description=\"\" data-image-caption=\"\" data-medium-file=\"https:\/\/blog.michaelliebert.com\/wp-content\/uploads\/2016\/06\/agrarmarkt-austria-michael-liebert-werbefotograf-blog-cover-212x300.jpg\" data-large-file=\"https:\/\/blog.michaelliebert.com\/wp-content\/uploads\/2016\/06\/agrarmarkt-austria-michael-liebert-werbefotograf-blog-cover.jpg\" loading=\"lazy\" class=\"alignleft wp-image-1843 size-full\" title=\"\u00a9 Michael Liebert\" src=\"http:\/\/blog.michaelliebert.com\/wp-content\/uploads\/2016\/06\/agrarmarkt-austria-michael-liebert-werbefotograf-blog-cover.jpg\" alt=\"agrarmarkt-austria-michael-liebert-werbefotograf-blog-cover\" width=\"600\" height=\"848\" srcset=\"https:\/\/blog.michaelliebert.com\/wp-content\/uploads\/2016\/06\/agrarmarkt-austria-michael-liebert-werbefotograf-blog-cover.jpg 600w, https:\/\/blog.michaelliebert.com\/wp-content\/uploads\/2016\/06\/agrarmarkt-austria-michael-liebert-werbefotograf-blog-cover-212x300.jpg 212w\" sizes=\"(max-width: 600px) 100vw, 600px\" \/><br \/>\nEs war mir eine gro\u00dfe Freude dieses Fr\u00fchjahr f\u00fcr die Agrarmarkt Austria<!--more--> den T\u00e4tigkeitsbericht zu fotografieren. Ein gro\u00dfes Dankesch\u00f6n gilt auch dem gesamten Team.<img data-attachment-id=\"1842\" data-permalink=\"https:\/\/blog.michaelliebert.com\/?attachment_id=1842\" data-orig-file=\"https:\/\/blog.michaelliebert.com\/wp-content\/uploads\/2016\/06\/agrarmarkt-austria-michael-liebert-werbefotograf-blog-obst.jpg\" data-orig-size=\"600,425\" data-comments-opened=\"0\" data-image-meta=\"{&quot;aperture&quot;:&quot;0&quot;,&quot;credit&quot;:&quot;&quot;,&quot;camera&quot;:&quot;&quot;,&quot;caption&quot;:&quot;&quot;,&quot;created_timestamp&quot;:&quot;0&quot;,&quot;copyright&quot;:&quot;&quot;,&quot;focal_length&quot;:&quot;0&quot;,&quot;iso&quot;:&quot;0&quot;,&quot;shutter_speed&quot;:&quot;0&quot;,&quot;title&quot;:&quot;&quot;,&quot;orientation&quot;:&quot;0&quot;}\" data-image-title=\"agrarmarkt-austria-michael-liebert-werbefotograf-blog-obst\" data-image-description=\"\" data-image-caption=\"\" data-medium-file=\"https:\/\/blog.michaelliebert.com\/wp-content\/uploads\/2016\/06\/agrarmarkt-austria-michael-liebert-werbefotograf-blog-obst-300x213.jpg\" data-large-file=\"https:\/\/blog.michaelliebert.com\/wp-content\/uploads\/2016\/06\/agrarmarkt-austria-michael-liebert-werbefotograf-blog-obst.jpg\" loading=\"lazy\" class=\"alignleft wp-image-1842 size-full\" title=\"\u00a9 Michael Liebert\" src=\"http:\/\/blog.michaelliebert.com\/wp-content\/uploads\/2016\/06\/agrarmarkt-austria-michael-liebert-werbefotograf-blog-obst.jpg\" alt=\"agrarmarkt-austria-michael-liebert-werbefotograf-blog-obst\" width=\"600\" height=\"425\" srcset=\"https:\/\/blog.michaelliebert.com\/wp-content\/uploads\/2016\/06\/agrarmarkt-austria-michael-liebert-werbefotograf-blog-obst.jpg 600w, https:\/\/blog.michaelliebert.com\/wp-content\/uploads\/2016\/06\/agrarmarkt-austria-michael-liebert-werbefotograf-blog-obst-300x213.jpg 300w\" sizes=\"(max-width: 600px) 100vw, 600px\" \/><br \/>\nKunde: Agrarmarkt Austria Marketing GesmbH<br \/>\nProjektleitung: Manuela Sch\u00fcrr &amp; Andrea Giffinger<br \/>\nGrafik: G\u00fcnther Bauer &#8211; Studio Gudo, Wien<br \/>\nFotografie: Michael Liebert<br \/>\nAssistenz: Jack Wallner<\/p>\n","protected":false},"excerpt":{"rendered":"<p>Es war mir eine gro\u00dfe Freude dieses Fr\u00fchjahr f\u00fcr die Agrarmarkt Austria<\/p>\n","protected":false},"author":2,"featured_media":0,"comment_status":"closed","ping_status":"closed","sticky":false,"template":"","format":"standard","meta":{"jetpack_post_was_ever_published":false,"jetpack_publicize_message":"","jetpack_is_tweetstorm":false,"jetpack_publicize_feature_enabled":true,"jetpack_social_post_already_shared":true,"jetpack_social_options":{"image_generator_settings":{"template":"highway","enabled":false}}},"categories":[7],"tags":[93,10,43,58,54,55],"jetpack_publicize_connections":[],"jetpack_featured_media_url":"","jetpack_sharing_enabled":true,"jetpack_shortlink":"https:\/\/wp.me\/p2IZn7-tE","_links":{"self":[{"href":"https:\/\/blog.michaelliebert.com\/index.php?rest_route=\/wp\/v2\/posts\/1838"}],"collection":[{"href":"https:\/\/blog.michaelliebert.com\/index.php?rest_route=\/wp\/v2\/posts"}],"about":[{"href":"https:\/\/blog.michaelliebert.com\/index.php?rest_route=\/wp\/v2\/types\/post"}],"author":[{"embeddable":true,"href":"https:\/\/blog.michaelliebert.com\/index.php?rest_route=\/wp\/v2\/users\/2"}],"replies":[{"embeddable":true,"href":"https:\/\/blog.michaelliebert.com\/index.php?rest_route=%2Fwp%2Fv2%2Fcomments&post=1838"}],"version-history":[{"count":12,"href":"https:\/\/blog.michaelliebert.com\/index.php?rest_route=\/wp\/v2\/posts\/1838\/revisions"}],"predecessor-version":[{"id":3285,"href":"https:\/\/blog.michaelliebert.com\/index.php?rest_route=\/wp\/v2\/posts\/1838\/revisions\/3285"}],"wp:attachment":[{"href":"https:\/\/blog.michaelliebert.com\/index.php?rest_route=%2Fwp%2Fv2%2Fmedia&parent=1838"}],"wp:term":[{"taxonomy":"category","embeddable":true,"href":"https:\/\/blog.michaelliebert.com\/index.php?rest_route=%2Fwp%2Fv2%2Fcategories&post=1838"},{"taxonomy":"post_tag","embeddable":true,"href":"https:\/\/blog.michaelliebert.com\/index.php?rest_route=%2Fwp%2Fv2%2Ftags&post=1838"}],"curies":[{"name":"wp","href":"https:\/\/api.w.org\/{rel}","templated":true}]}}