{"id":1817,"date":"2016-05-02T10:03:13","date_gmt":"2016-05-02T08:03:13","guid":{"rendered":"http:\/\/blog.michaelliebert.com\/?p=1817"},"modified":"2018-10-11T22:35:16","modified_gmt":"2018-10-11T20:35:16","slug":"schoene-aussichten","status":"publish","type":"post","link":"https:\/\/blog.michaelliebert.com\/?p=1817","title":{"rendered":"Sch\u00f6ne Aussichten"},"content":{"rendered":"<p><img data-attachment-id=\"1818\" data-permalink=\"https:\/\/blog.michaelliebert.com\/?attachment_id=1818\" data-orig-file=\"https:\/\/blog.michaelliebert.com\/wp-content\/uploads\/2016\/04\/michael-liebert-servus-magazin-blog.jpg\" data-orig-size=\"600,780\" data-comments-opened=\"0\" data-image-meta=\"{&quot;aperture&quot;:&quot;0&quot;,&quot;credit&quot;:&quot;&quot;,&quot;camera&quot;:&quot;&quot;,&quot;caption&quot;:&quot;&quot;,&quot;created_timestamp&quot;:&quot;0&quot;,&quot;copyright&quot;:&quot;&quot;,&quot;focal_length&quot;:&quot;0&quot;,&quot;iso&quot;:&quot;0&quot;,&quot;shutter_speed&quot;:&quot;0&quot;,&quot;title&quot;:&quot;&quot;,&quot;orientation&quot;:&quot;0&quot;}\" data-image-title=\"michael-liebert-servus-magazin-blog\" data-image-description=\"\" data-image-caption=\"\" data-medium-file=\"https:\/\/blog.michaelliebert.com\/wp-content\/uploads\/2016\/04\/michael-liebert-servus-magazin-blog-231x300.jpg\" data-large-file=\"https:\/\/blog.michaelliebert.com\/wp-content\/uploads\/2016\/04\/michael-liebert-servus-magazin-blog.jpg\" loading=\"lazy\" class=\"alignleft wp-image-1818 size-full\" title=\"\u00a9 Michael Liebert\" src=\"http:\/\/blog.michaelliebert.com\/wp-content\/uploads\/2016\/04\/michael-liebert-servus-magazin-blog.jpg\" alt=\"michael-liebert-servus-magazin-blog\" width=\"600\" height=\"780\" srcset=\"https:\/\/blog.michaelliebert.com\/wp-content\/uploads\/2016\/04\/michael-liebert-servus-magazin-blog.jpg 600w, https:\/\/blog.michaelliebert.com\/wp-content\/uploads\/2016\/04\/michael-liebert-servus-magazin-blog-231x300.jpg 231w\" sizes=\"(max-width: 600px) 100vw, 600px\" \/><br \/>\nSchon im M\u00e4rz wurde die Regionalausgabe von Servus in Nieder\u00f6sterreich vorgestellt. Es freut mich, dass mein Bild vom barocken Stift Melk f\u00fcr das Cover ausgew\u00e4hlt wurde. Ein sch\u00f6nes St\u00fcck \u00d6sterreich!<\/p>\n","protected":false},"excerpt":{"rendered":"<p>Schon im M\u00e4rz wurde die Regionalausgabe von Servus in Nieder\u00f6sterreich vorgestellt. Es freut mich, dass mein Bild vom barocken Stift Melk f\u00fcr das Cover ausgew\u00e4hlt wurde. Ein sch\u00f6nes St\u00fcck \u00d6sterreich!<\/p>\n","protected":false},"author":2,"featured_media":0,"comment_status":"closed","ping_status":"open","sticky":false,"template":"","format":"standard","meta":{"jetpack_post_was_ever_published":false,"jetpack_publicize_message":"","jetpack_is_tweetstorm":false,"jetpack_publicize_feature_enabled":true,"jetpack_social_post_already_shared":true,"jetpack_social_options":{"image_generator_settings":{"template":"highway","enabled":false}}},"categories":[7],"tags":[71,59,60,39,10,43,85,84,88],"jetpack_publicize_connections":[],"jetpack_featured_media_url":"","jetpack_sharing_enabled":true,"jetpack_shortlink":"https:\/\/wp.me\/p2IZn7-tj","_links":{"self":[{"href":"https:\/\/blog.michaelliebert.com\/index.php?rest_route=\/wp\/v2\/posts\/1817"}],"collection":[{"href":"https:\/\/blog.michaelliebert.com\/index.php?rest_route=\/wp\/v2\/posts"}],"about":[{"href":"https:\/\/blog.michaelliebert.com\/index.php?rest_route=\/wp\/v2\/types\/post"}],"author":[{"embeddable":true,"href":"https:\/\/blog.michaelliebert.com\/index.php?rest_route=\/wp\/v2\/users\/2"}],"replies":[{"embeddable":true,"href":"https:\/\/blog.michaelliebert.com\/index.php?rest_route=%2Fwp%2Fv2%2Fcomments&post=1817"}],"version-history":[{"count":6,"href":"https:\/\/blog.michaelliebert.com\/index.php?rest_route=\/wp\/v2\/posts\/1817\/revisions"}],"predecessor-version":[{"id":2094,"href":"https:\/\/blog.michaelliebert.com\/index.php?rest_route=\/wp\/v2\/posts\/1817\/revisions\/2094"}],"wp:attachment":[{"href":"https:\/\/blog.michaelliebert.com\/index.php?rest_route=%2Fwp%2Fv2%2Fmedia&parent=1817"}],"wp:term":[{"taxonomy":"category","embeddable":true,"href":"https:\/\/blog.michaelliebert.com\/index.php?rest_route=%2Fwp%2Fv2%2Fcategories&post=1817"},{"taxonomy":"post_tag","embeddable":true,"href":"https:\/\/blog.michaelliebert.com\/index.php?rest_route=%2Fwp%2Fv2%2Ftags&post=1817"}],"curies":[{"name":"wp","href":"https:\/\/api.w.org\/{rel}","templated":true}]}}