{"id":1804,"date":"2016-03-14T10:09:56","date_gmt":"2016-03-14T08:09:56","guid":{"rendered":"http:\/\/blog.michaelliebert.com\/?p=1804"},"modified":"2018-10-11T22:35:57","modified_gmt":"2018-10-11T20:35:57","slug":"ursula-strauss","status":"publish","type":"post","link":"https:\/\/blog.michaelliebert.com\/?p=1804","title":{"rendered":"Ursula Strauss"},"content":{"rendered":"<p><img data-attachment-id=\"1808\" data-permalink=\"https:\/\/blog.michaelliebert.com\/?attachment_id=1808\" data-orig-file=\"https:\/\/blog.michaelliebert.com\/wp-content\/uploads\/2016\/03\/ursula-strauss-michael-liebert-portraitfotograf-melk-1-blog.jpg\" data-orig-size=\"600,900\" data-comments-opened=\"0\" data-image-meta=\"{&quot;aperture&quot;:&quot;0&quot;,&quot;credit&quot;:&quot;&quot;,&quot;camera&quot;:&quot;&quot;,&quot;caption&quot;:&quot;&quot;,&quot;created_timestamp&quot;:&quot;0&quot;,&quot;copyright&quot;:&quot;Berufsfotograf&quot;,&quot;focal_length&quot;:&quot;0&quot;,&quot;iso&quot;:&quot;0&quot;,&quot;shutter_speed&quot;:&quot;0&quot;,&quot;title&quot;:&quot;&quot;,&quot;orientation&quot;:&quot;0&quot;}\" data-image-title=\"ursula-strauss-michael-liebert-portraitfotograf-melk-1-blog\" data-image-description=\"\" data-image-caption=\"\" data-medium-file=\"https:\/\/blog.michaelliebert.com\/wp-content\/uploads\/2016\/03\/ursula-strauss-michael-liebert-portraitfotograf-melk-1-blog-200x300.jpg\" data-large-file=\"https:\/\/blog.michaelliebert.com\/wp-content\/uploads\/2016\/03\/ursula-strauss-michael-liebert-portraitfotograf-melk-1-blog.jpg\" loading=\"lazy\" class=\"alignleft wp-image-1808 size-full\" title=\"\u00a9 Michael Liebert\" src=\"http:\/\/blog.michaelliebert.com\/wp-content\/uploads\/2016\/03\/ursula-strauss-michael-liebert-portraitfotograf-melk-1-blog.jpg\" alt=\"ursula-strauss-michael-liebert-portraitfotograf-melk-1-blog\" width=\"600\" height=\"900\" srcset=\"https:\/\/blog.michaelliebert.com\/wp-content\/uploads\/2016\/03\/ursula-strauss-michael-liebert-portraitfotograf-melk-1-blog.jpg 600w, https:\/\/blog.michaelliebert.com\/wp-content\/uploads\/2016\/03\/ursula-strauss-michael-liebert-portraitfotograf-melk-1-blog-200x300.jpg 200w\" sizes=\"(max-width: 600px) 100vw, 600px\" \/><img data-attachment-id=\"1805\" data-permalink=\"https:\/\/blog.michaelliebert.com\/?attachment_id=1805\" data-orig-file=\"https:\/\/blog.michaelliebert.com\/wp-content\/uploads\/2016\/03\/ursula-strauss-michael-liebert-portraitfotograf-melk-4-blog.jpg\" data-orig-size=\"600,900\" data-comments-opened=\"0\" data-image-meta=\"{&quot;aperture&quot;:&quot;0&quot;,&quot;credit&quot;:&quot;&quot;,&quot;camera&quot;:&quot;&quot;,&quot;caption&quot;:&quot;&quot;,&quot;created_timestamp&quot;:&quot;0&quot;,&quot;copyright&quot;:&quot;Berufsfotograf&quot;,&quot;focal_length&quot;:&quot;0&quot;,&quot;iso&quot;:&quot;0&quot;,&quot;shutter_speed&quot;:&quot;0&quot;,&quot;title&quot;:&quot;&quot;,&quot;orientation&quot;:&quot;0&quot;}\" data-image-title=\"ursula-strauss-michael-liebert-portraitfotograf-melk-4-blog\" data-image-description=\"\" data-image-caption=\"\" data-medium-file=\"https:\/\/blog.michaelliebert.com\/wp-content\/uploads\/2016\/03\/ursula-strauss-michael-liebert-portraitfotograf-melk-4-blog-200x300.jpg\" data-large-file=\"https:\/\/blog.michaelliebert.com\/wp-content\/uploads\/2016\/03\/ursula-strauss-michael-liebert-portraitfotograf-melk-4-blog.jpg\" loading=\"lazy\" class=\"alignleft wp-image-1805 size-full\" title=\"\u00a9 Michael Liebert\" src=\"http:\/\/blog.michaelliebert.com\/wp-content\/uploads\/2016\/03\/ursula-strauss-michael-liebert-portraitfotograf-melk-4-blog.jpg\" alt=\"ursula-strauss-michael-liebert-portraitfotograf-melk-4-blog\" width=\"600\" height=\"900\" srcset=\"https:\/\/blog.michaelliebert.com\/wp-content\/uploads\/2016\/03\/ursula-strauss-michael-liebert-portraitfotograf-melk-4-blog.jpg 600w, https:\/\/blog.michaelliebert.com\/wp-content\/uploads\/2016\/03\/ursula-strauss-michael-liebert-portraitfotograf-melk-4-blog-200x300.jpg 200w\" sizes=\"(max-width: 600px) 100vw, 600px\" \/><img data-attachment-id=\"1806\" data-permalink=\"https:\/\/blog.michaelliebert.com\/?attachment_id=1806\" data-orig-file=\"https:\/\/blog.michaelliebert.com\/wp-content\/uploads\/2016\/03\/ursula-strauss-michael-liebert-portraitfotograf-melk-3-blog.jpg\" data-orig-size=\"600,900\" data-comments-opened=\"0\" data-image-meta=\"{&quot;aperture&quot;:&quot;0&quot;,&quot;credit&quot;:&quot;&quot;,&quot;camera&quot;:&quot;&quot;,&quot;caption&quot;:&quot;&quot;,&quot;created_timestamp&quot;:&quot;0&quot;,&quot;copyright&quot;:&quot;Berufsfotograf&quot;,&quot;focal_length&quot;:&quot;0&quot;,&quot;iso&quot;:&quot;0&quot;,&quot;shutter_speed&quot;:&quot;0&quot;,&quot;title&quot;:&quot;&quot;,&quot;orientation&quot;:&quot;0&quot;}\" data-image-title=\"ursula-strauss-michael-liebert-portraitfotograf-melk-3-blog\" data-image-description=\"\" data-image-caption=\"\" data-medium-file=\"https:\/\/blog.michaelliebert.com\/wp-content\/uploads\/2016\/03\/ursula-strauss-michael-liebert-portraitfotograf-melk-3-blog-200x300.jpg\" data-large-file=\"https:\/\/blog.michaelliebert.com\/wp-content\/uploads\/2016\/03\/ursula-strauss-michael-liebert-portraitfotograf-melk-3-blog.jpg\" loading=\"lazy\" class=\"alignleft wp-image-1806 size-full\" title=\"\u00a9 Michael Liebert\" src=\"http:\/\/blog.michaelliebert.com\/wp-content\/uploads\/2016\/03\/ursula-strauss-michael-liebert-portraitfotograf-melk-3-blog.jpg\" alt=\"ursula-strauss-michael-liebert-portraitfotograf-melk-3-blog\" width=\"600\" height=\"900\" srcset=\"https:\/\/blog.michaelliebert.com\/wp-content\/uploads\/2016\/03\/ursula-strauss-michael-liebert-portraitfotograf-melk-3-blog.jpg 600w, https:\/\/blog.michaelliebert.com\/wp-content\/uploads\/2016\/03\/ursula-strauss-michael-liebert-portraitfotograf-melk-3-blog-200x300.jpg 200w\" sizes=\"(max-width: 600px) 100vw, 600px\" \/><br \/>\nZur Zeit im \u00f6sterreichischen Kinofilm &#8222;Maik\u00e4fer flieg&#8220; zu sehen. Mirjam Unger verfilmte den gleichnamigen autobiographischen Roman von Christine N\u00f6stlinger, die darin ihre eigene Kindheit in den letzten Tagen des 2. Weltkrieges schildert. Gro\u00dfes Kino aus \u00d6sterreich.<br \/>\nIm Zuge einer kleinen Produktion hatte ich letztes Jahr die Gelegenheit Uschi zu begegnen. Es war mir eine gro\u00dfe Freude einen so ungezwungen und nat\u00fcrlichen Menschen kennenzulernen.<\/p>\n","protected":false},"excerpt":{"rendered":"<p>Zur Zeit im \u00f6sterreichischen Kinofilm &#8222;Maik\u00e4fer flieg&#8220; zu sehen. Mirjam Unger verfilmte den gleichnamigen autobiographischen Roman von Christine N\u00f6stlinger, die darin ihre eigene Kindheit in den letzten Tagen des 2. Weltkrieges schildert. Gro\u00dfes Kino aus \u00d6sterreich. Im Zuge einer kleinen Produktion hatte ich letztes Jahr die Gelegenheit Uschi zu begegnen. Es war mir eine gro\u00dfe [&hellip;]<\/p>\n","protected":false},"author":2,"featured_media":0,"comment_status":"closed","ping_status":"open","sticky":false,"template":"","format":"standard","meta":{"jetpack_post_was_ever_published":false,"jetpack_publicize_message":"","jetpack_is_tweetstorm":false,"jetpack_publicize_feature_enabled":true,"jetpack_social_post_already_shared":true,"jetpack_social_options":{"image_generator_settings":{"template":"highway","enabled":false}}},"categories":[7],"tags":[51,10,43,58,83,70,82],"jetpack_publicize_connections":[],"jetpack_featured_media_url":"","jetpack_sharing_enabled":true,"jetpack_shortlink":"https:\/\/wp.me\/p2IZn7-t6","_links":{"self":[{"href":"https:\/\/blog.michaelliebert.com\/index.php?rest_route=\/wp\/v2\/posts\/1804"}],"collection":[{"href":"https:\/\/blog.michaelliebert.com\/index.php?rest_route=\/wp\/v2\/posts"}],"about":[{"href":"https:\/\/blog.michaelliebert.com\/index.php?rest_route=\/wp\/v2\/types\/post"}],"author":[{"embeddable":true,"href":"https:\/\/blog.michaelliebert.com\/index.php?rest_route=\/wp\/v2\/users\/2"}],"replies":[{"embeddable":true,"href":"https:\/\/blog.michaelliebert.com\/index.php?rest_route=%2Fwp%2Fv2%2Fcomments&post=1804"}],"version-history":[{"count":7,"href":"https:\/\/blog.michaelliebert.com\/index.php?rest_route=\/wp\/v2\/posts\/1804\/revisions"}],"predecessor-version":[{"id":2095,"href":"https:\/\/blog.michaelliebert.com\/index.php?rest_route=\/wp\/v2\/posts\/1804\/revisions\/2095"}],"wp:attachment":[{"href":"https:\/\/blog.michaelliebert.com\/index.php?rest_route=%2Fwp%2Fv2%2Fmedia&parent=1804"}],"wp:term":[{"taxonomy":"category","embeddable":true,"href":"https:\/\/blog.michaelliebert.com\/index.php?rest_route=%2Fwp%2Fv2%2Fcategories&post=1804"},{"taxonomy":"post_tag","embeddable":true,"href":"https:\/\/blog.michaelliebert.com\/index.php?rest_route=%2Fwp%2Fv2%2Ftags&post=1804"}],"curies":[{"name":"wp","href":"https:\/\/api.w.org\/{rel}","templated":true}]}}